{"id":70375,"date":"2025-03-25T23:15:12","date_gmt":"2025-03-26T02:15:12","guid":{"rendered":"https:\/\/www.portalalerta.com.br\/?p=70375"},"modified":"2025-03-26T14:03:36","modified_gmt":"2025-03-26T17:03:36","slug":"dupla-e-presa-por-furto-de-celulares-durante-o-sertao-folia-em-tucano-ba","status":"publish","type":"post","link":"https:\/\/www.portalalerta.com.br\/index.php\/2025\/03\/25\/dupla-e-presa-por-furto-de-celulares-durante-o-sertao-folia-em-tucano-ba\/","title":{"rendered":"Dupla \u00e9 presa por furto de celulares durante o Sert\u00e3o Folia, em Tucano-BA"},"content":{"rendered":"\n<p>Por volta de 0h30 da \u00faltima segunda-feira (24) Guardas Civis da Ronda Ostensiva Municipal (ROMU), foram informados a respeito da presen\u00e7a de dois homens na \u00e1rea onde estava acontecendo o evento Sert\u00e3o Folia, que estariam praticando furtos de aparelhos celulares.<\/p>\n\n\n\n<!--more-->\n\n\n<div class=\"wp-block-image\">\n<figure class=\"alignleft size-large is-resized\"><img fetchpriority=\"high\" decoding=\"async\" src=\"https:\/\/www.portalalerta.com.br\/wp-content\/uploads\/2024\/12\/Sabino-Carrinho-de-mao-1024x1024.jpeg\" alt=\"\" class=\"wp-image-65525\" width=\"435\" height=\"435\" srcset=\"https:\/\/www.portalalerta.com.br\/wp-content\/uploads\/2024\/12\/Sabino-Carrinho-de-mao-1024x1024.jpeg 1024w, https:\/\/www.portalalerta.com.br\/wp-content\/uploads\/2024\/12\/Sabino-Carrinho-de-mao-240x240.jpeg 240w, https:\/\/www.portalalerta.com.br\/wp-content\/uploads\/2024\/12\/Sabino-Carrinho-de-mao-768x768.jpeg 768w, https:\/\/www.portalalerta.com.br\/wp-content\/uploads\/2024\/12\/Sabino-Carrinho-de-mao.jpeg 1080w\" sizes=\"(max-width: 435px) 100vw, 435px\" \/><\/figure><\/div>\n\n\n<p>Os Guardas foram at\u00e9 o local, onde identificaram os suspeitos, que ao perceberem a presen\u00e7a dos agentes de seguran\u00e7a, tentaram fugir, por\u00e9m foram alcan\u00e7ados e abordados. Na ocasi\u00e3o, foram encontrados 03 aparelhos celulares, de origem criminosa, fato confirmado pela dupla que confessou os furtos no evento festivo.<\/p>\n\n\n\n<p>A dupla identificada pelas iniciais C.G.M.D, e A.S de A, afirmou ser oriunda de Feira de Santana-BA, e tentaria fugir a bordo de um ve\u00edculo GM\/ Onix de cor branca, de dados n\u00e3o informados, que \u00e9 fruto de loca\u00e7\u00e3o.<\/p>\n\n\n\n<p>Tanto os criminosos, quanto o material recuperado, e o ve\u00edculo, foram conduzidos e apresentados na Delegacia de Pol\u00edcia Civil de Tucano, para a ado\u00e7\u00e3o das medidas cab\u00edveis.<\/p>\n\n\n\n<figure class=\"wp-block-embed is-type-video is-provider-youtube wp-block-embed-youtube wp-embed-aspect-4-3 wp-has-aspect-ratio\"><div class=\"wp-block-embed__wrapper\">\n<iframe title=\"Dupla \u00e9 presa por furto de celulares durante o Sert\u00e3o Folia, em Tucano-BA\" width=\"422\" height=\"750\" src=\"https:\/\/www.youtube.com\/embed\/F_2nqW3lUvw?feature=oembed\" frameborder=\"0\" allow=\"accelerometer; autoplay; clipboard-write; encrypted-media; gyroscope; picture-in-picture; web-share\" referrerpolicy=\"strict-origin-when-cross-origin\" allowfullscreen><\/iframe>\n<\/div><\/figure>\n\n\n\n<p><em>Reda\u00e7\u00e3o: Portal Alerta<\/em><\/p>\n","protected":false},"excerpt":{"rendered":"<p>Por volta de 0h30 da \u00faltima segunda-feira (24) Guardas Civis da Ronda Ostensiva Municipal (ROMU), foram informados a respeito da presen\u00e7a de dois homens na \u00e1rea onde estava acontecendo o evento Sert\u00e3o Folia, que estariam praticando furtos de aparelhos celulares.<\/p>\n","protected":false},"author":2,"featured_media":70367,"comment_status":"open","ping_status":"open","sticky":false,"template":"","format":"standard","meta":{"om_disable_all_campaigns":false,"_monsterinsights_skip_tracking":false,"_monsterinsights_sitenote_active":false,"_monsterinsights_sitenote_note":"","_monsterinsights_sitenote_category":0,"footnotes":""},"categories":[70,36,69,32,22,12],"tags":[100,71,48,75,4178,4180,129,107,2259,313,4181,132,230,106,203,120,51,110,109,88,47,5467,6768,111,190],"class_list":["post-70375","post","type-post","status-publish","format-standard","has-post-thumbnail","hentry","category-destaques","category-lazer","category-noticias2","category-regiao","category-seguranca","category-tucano","tag-adustina","tag-antas","tag-araci","tag-cicero-dantas","tag-cipo-2","tag-crisopolis-2","tag-euclides-da-cunha","tag-fatima","tag-furtos","tag-gcm","tag-heliopolis-2","tag-itapicuru","tag-jeremoabo","tag-nova-soure","tag-novo-triunfo","tag-olindina","tag-paripiranga","tag-presos","tag-quijingue","tag-ribeira-do-amparo","tag-ribeira-do-pombal","tag-romu","tag-sertao-folia","tag-sitio-do-quinto","tag-tucano"],"aioseo_notices":[],"_links":{"self":[{"href":"https:\/\/www.portalalerta.com.br\/index.php\/wp-json\/wp\/v2\/posts\/70375","targetHints":{"allow":["GET"]}}],"collection":[{"href":"https:\/\/www.portalalerta.com.br\/index.php\/wp-json\/wp\/v2\/posts"}],"about":[{"href":"https:\/\/www.portalalerta.com.br\/index.php\/wp-json\/wp\/v2\/types\/post"}],"author":[{"embeddable":true,"href":"https:\/\/www.portalalerta.com.br\/index.php\/wp-json\/wp\/v2\/users\/2"}],"replies":[{"embeddable":true,"href":"https:\/\/www.portalalerta.com.br\/index.php\/wp-json\/wp\/v2\/comments?post=70375"}],"version-history":[{"count":2,"href":"https:\/\/www.portalalerta.com.br\/index.php\/wp-json\/wp\/v2\/posts\/70375\/revisions"}],"predecessor-version":[{"id":70410,"href":"https:\/\/www.portalalerta.com.br\/index.php\/wp-json\/wp\/v2\/posts\/70375\/revisions\/70410"}],"wp:featuredmedia":[{"embeddable":true,"href":"https:\/\/www.portalalerta.com.br\/index.php\/wp-json\/wp\/v2\/media\/70367"}],"wp:attachment":[{"href":"https:\/\/www.portalalerta.com.br\/index.php\/wp-json\/wp\/v2\/media?parent=70375"}],"wp:term":[{"taxonomy":"category","embeddable":true,"href":"https:\/\/www.portalalerta.com.br\/index.php\/wp-json\/wp\/v2\/categories?post=70375"},{"taxonomy":"post_tag","embeddable":true,"href":"https:\/\/www.portalalerta.com.br\/index.php\/wp-json\/wp\/v2\/tags?post=70375"}],"curies":[{"name":"wp","href":"https:\/\/api.w.org\/{rel}","templated":true}]}}