{"id":70429,"date":"2025-03-27T06:01:00","date_gmt":"2025-03-27T09:01:00","guid":{"rendered":"https:\/\/www.portalalerta.com.br\/?p=70429"},"modified":"2025-03-27T01:16:46","modified_gmt":"2025-03-27T04:16:46","slug":"furdunco-na-alba-bate-chapa-no-pt-derruba-eleicao-para-a-primeira-vice-da-assembleia","status":"publish","type":"post","link":"https:\/\/www.portalalerta.com.br\/index.php\/2025\/03\/27\/furdunco-na-alba-bate-chapa-no-pt-derruba-eleicao-para-a-primeira-vice-da-assembleia\/","title":{"rendered":"Bate-chapa no PT derruba elei\u00e7\u00e3o para a primeira vice da Assembleia"},"content":{"rendered":"\n<p><strong>F\u00e1tima Nunes j\u00e1 tinha pavimentado caminho com apoio da base aliada, mas petista J\u00fanior Muniz lan\u00e7ou candidatura avulsa e abriu crise na bancada<\/strong><\/p>\n\n\n\n<!--more-->\n\n\n\n<p><strong>Uma confus\u00e3o entre parlamentares do PT derrubou a vota\u00e7\u00e3o para a escolha da primeira vice-presid\u00eancia da Assembleia Legislativa da Bahia (Alba), prevista para ocorrer na tarde desta quarta-feira, e abriu uma crise interna na base aliada ao governo do estado. Por acordo, a vaga que era ocupada por Ivana Bastos (PSD) antes de sua ascens\u00e3o \u00e0 presid\u00eancia da Casa estava destinada \u00e0 deputada estadual F\u00e1tima Nunes (PT), mas de forma inesperada o petista J\u00fanior Muniz decidiu lan\u00e7ar candidatura alternativa e abriu uma crise interna no partido.<\/strong><\/p>\n\n\n<div class=\"wp-block-image\">\n<figure class=\"alignleft size-full\"><img fetchpriority=\"high\" decoding=\"async\" width=\"400\" height=\"500\" src=\"https:\/\/www.portalalerta.com.br\/wp-content\/uploads\/2025\/01\/Liquida-Verao-Real-2025.jpg\" alt=\"\" class=\"wp-image-68486\" srcset=\"https:\/\/www.portalalerta.com.br\/wp-content\/uploads\/2025\/01\/Liquida-Verao-Real-2025.jpg 400w, https:\/\/www.portalalerta.com.br\/wp-content\/uploads\/2025\/01\/Liquida-Verao-Real-2025-192x240.jpg 192w\" sizes=\"(max-width: 400px) 100vw, 400px\" \/><\/figure><\/div>\n\n\n<p><strong>Em meio \u00e0 confus\u00e3o que esvaziou o plen\u00e1rio da Alba, Muniz declarou \u00e0 imprensa que entrou no p\u00e1reo com base em um acordo feito com o l\u00edder do governo na Casa, Rosemberg Pinto (PT), antes da sucess\u00e3o presidencial na Assembleia, realizada no in\u00edcio de fevereiro. \u201cT\u00ednhamos um acordo com o l\u00edder do governo. A gente retirou a candidatura em prol da candidatura dele (Rosemberg acabou desistindo da disputa). E fomos acordados de que, se houvesse a vac\u00e2ncia, eu seria candidato. Estou s\u00f3 esperando ser cumprido. Da minha parte, vou colocar meu nome \u00e0 disposi\u00e7\u00e3o dos colegas&#8221;, disparou Muniz, ao lado do deputado petista Euclides Fernandes. Ambos n\u00e3o endossaram a indica\u00e7\u00e3o de F\u00e1tima Nunes.<\/strong><\/p>\n\n\n\n<p><strong>Muniz criticou ainda a forma com a qual o PT escolheu que ocuparia o posto e disse que o processo ocorreu sem di\u00e1logo. &#8220;Eu estava viajando &nbsp;com minha fam\u00edlia, inclusive, e s\u00f3 soube quando a decis\u00e3o j\u00e1 estava tomada&#8221;, emendou. O deputado garantiu ainda que n\u00e3o vai renunciar \u00e0 candidatura e ironizou a derrubada da vota\u00e7\u00e3o, ao dizer que a tropa petista empenhada em eleger F\u00e1tima Nunes correu do plen\u00e1rio \u201cA vota\u00e7\u00e3o era para ser hoje, e j\u00e1 correram. Eu estou aqui. Firme e forte. E eu venceria com quase 50, 49 votos. Tinha qu\u00f3rum para votar, mas derrubaram a sess\u00e3o, talvez com medo de alguma coisa&#8221;, alfinetou.&nbsp;<\/strong><\/p>\n\n\n\n<p><strong>Logo ap\u00f3s a vota\u00e7\u00e3o cair, a presidente da Alba convocou a imprensa e afirmou que o PT precisa resolver a quest\u00e3o internamente antes de agendar uma nova vota\u00e7\u00e3o. &#8220;Tem dois candidatos de um mesmo partido, mas s\u00f3 tem uma vaga. Ent\u00e3o, o PT precisa resolver quem \u00e9 o seu candidato. Suspendemos a vota\u00e7\u00e3o para que eles resolvam seu problema interno e a gente possa ir para uma nova vota\u00e7\u00e3o na pr\u00f3xima ter\u00e7a-feira (1\u00ba)&#8221;, afirmou Ivana Bastos. Acho que a nossa inten\u00e7\u00e3o \u00e9 que o partido e a gente n\u00e3o briguem entre si. J\u00fanior Muniz colocou o nome dele, o da F\u00e1tima Nunes j\u00e1 estava, e agora o PT precisa decidir qual dos dois&#8221;, emendou.<\/strong><\/p>\n\n\n\n<p><strong>J\u00e1 Rosemberg Pinto diz ter sido surpreendido com a candidatura de J\u00fanior Muniz, mas classificou as pretens\u00f5es do correligion\u00e1rio como &#8220;leg\u00edtimas e naturais&#8221;. O l\u00edder governista adiantou ainda que h\u00e1 uma reuni\u00e3o marcada para quinta-feira (27) na tentativa de resolver o impasse.<\/strong><\/p>\n\n\n\n<p><em>Fonte: Metro 1<\/em><\/p>\n","protected":false},"excerpt":{"rendered":"<p>F\u00e1tima Nunes j\u00e1 tinha pavimentado caminho com apoio da base aliada, mas petista J\u00fanior Muniz lan\u00e7ou candidatura avulsa e abriu crise na bancada<\/p>\n","protected":false},"author":2,"featured_media":70427,"comment_status":"open","ping_status":"open","sticky":false,"template":"","format":"standard","meta":{"om_disable_all_campaigns":false,"_monsterinsights_skip_tracking":false,"_monsterinsights_sitenote_active":false,"_monsterinsights_sitenote_note":"","_monsterinsights_sitenote_category":0,"footnotes":""},"categories":[33,70,69,21],"tags":[100,478,71,48,75,4178,4180,129,107,3154,4181,132,230,7913,106,203,120,51,304,109,88,47,111,190,7014],"class_list":["post-70429","post","type-post","status-publish","format-standard","has-post-thumbnail","hentry","category-bahia","category-destaques","category-noticias2","category-politica","tag-adustina","tag-alba","tag-antas","tag-araci","tag-cicero-dantas","tag-cipo-2","tag-crisopolis-2","tag-euclides-da-cunha","tag-fatima","tag-fatima-nunes","tag-heliopolis-2","tag-itapicuru","tag-jeremoabo","tag-junior-muniz","tag-nova-soure","tag-novo-triunfo","tag-olindina","tag-paripiranga","tag-pt","tag-quijingue","tag-ribeira-do-amparo","tag-ribeira-do-pombal","tag-sitio-do-quinto","tag-tucano","tag-vice-presidente-2"],"aioseo_notices":[],"_links":{"self":[{"href":"https:\/\/www.portalalerta.com.br\/index.php\/wp-json\/wp\/v2\/posts\/70429","targetHints":{"allow":["GET"]}}],"collection":[{"href":"https:\/\/www.portalalerta.com.br\/index.php\/wp-json\/wp\/v2\/posts"}],"about":[{"href":"https:\/\/www.portalalerta.com.br\/index.php\/wp-json\/wp\/v2\/types\/post"}],"author":[{"embeddable":true,"href":"https:\/\/www.portalalerta.com.br\/index.php\/wp-json\/wp\/v2\/users\/2"}],"replies":[{"embeddable":true,"href":"https:\/\/www.portalalerta.com.br\/index.php\/wp-json\/wp\/v2\/comments?post=70429"}],"version-history":[{"count":2,"href":"https:\/\/www.portalalerta.com.br\/index.php\/wp-json\/wp\/v2\/posts\/70429\/revisions"}],"predecessor-version":[{"id":70443,"href":"https:\/\/www.portalalerta.com.br\/index.php\/wp-json\/wp\/v2\/posts\/70429\/revisions\/70443"}],"wp:featuredmedia":[{"embeddable":true,"href":"https:\/\/www.portalalerta.com.br\/index.php\/wp-json\/wp\/v2\/media\/70427"}],"wp:attachment":[{"href":"https:\/\/www.portalalerta.com.br\/index.php\/wp-json\/wp\/v2\/media?parent=70429"}],"wp:term":[{"taxonomy":"category","embeddable":true,"href":"https:\/\/www.portalalerta.com.br\/index.php\/wp-json\/wp\/v2\/categories?post=70429"},{"taxonomy":"post_tag","embeddable":true,"href":"https:\/\/www.portalalerta.com.br\/index.php\/wp-json\/wp\/v2\/tags?post=70429"}],"curies":[{"name":"wp","href":"https:\/\/api.w.org\/{rel}","templated":true}]}}