{"id":70487,"date":"2025-03-27T19:29:59","date_gmt":"2025-03-27T22:29:59","guid":{"rendered":"https:\/\/www.portalalerta.com.br\/?p=70487"},"modified":"2025-03-27T19:30:00","modified_gmt":"2025-03-27T22:30:00","slug":"zelensky-afirma-que-putin-morrera-em-breve-em-entrevista-na-franca","status":"publish","type":"post","link":"https:\/\/www.portalalerta.com.br\/index.php\/2025\/03\/27\/zelensky-afirma-que-putin-morrera-em-breve-em-entrevista-na-franca\/","title":{"rendered":"Zelensky afirma que Putin &#8220;morrer\u00e1 em breve&#8221; em entrevista na Fran\u00e7a"},"content":{"rendered":"\n<p><strong>Zelensky faz declara\u00e7\u00e3o pol\u00eamica sobre Putin e discute futuro das negocia\u00e7\u00f5es de paz<\/strong><\/p>\n\n\n\n<!--more-->\n\n\n\n<p><strong>E<\/strong>m entrevista \u00e0 France TV, o presidente ucraniano Volodymyr Zelensky declarou que Vladimir Putin, presidente da R\u00fassia, &#8220;morrer\u00e1 em breve&#8221;. A afirma\u00e7\u00e3o ocorre em meio a rumores sobre problemas de sa\u00fade do l\u00edder russo e foi feita ap\u00f3s um encontro com o presidente franc\u00eas Emmanuel Macron em Paris, nesta quarta-feira (26).<\/p>\n\n\n\n<p>Zelensky afirmou: &#8220;Ele [Putin] morrer\u00e1 em breve, isso \u00e9 um fato, e isso chegar\u00e1 ao fim&#8221;. A declara\u00e7\u00e3o gerou repercuss\u00e3o internacional, principalmente com os rumores sobre a condi\u00e7\u00e3o de sa\u00fade de Putin.<\/p>\n\n\n<div class=\"wp-block-image\">\n<figure class=\"alignleft size-large is-resized\"><img fetchpriority=\"high\" decoding=\"async\" src=\"https:\/\/www.portalalerta.com.br\/wp-content\/uploads\/2024\/04\/autoescola-emprego-1024x1024.jpg\" alt=\"\" class=\"wp-image-55693\" width=\"399\" height=\"399\" srcset=\"https:\/\/www.portalalerta.com.br\/wp-content\/uploads\/2024\/04\/autoescola-emprego-1024x1024.jpg 1024w, https:\/\/www.portalalerta.com.br\/wp-content\/uploads\/2024\/04\/autoescola-emprego-240x240.jpg 240w, https:\/\/www.portalalerta.com.br\/wp-content\/uploads\/2024\/04\/autoescola-emprego-768x768.jpg 768w, https:\/\/www.portalalerta.com.br\/wp-content\/uploads\/2024\/04\/autoescola-emprego.jpg 1080w\" sizes=\"(max-width: 399px) 100vw, 399px\" \/><\/figure><\/div>\n\n\n<p>Na busca por uma solu\u00e7\u00e3o para o conflito entre Ucr\u00e2nia e R\u00fassia, o presidente ucraniano, Volodymyr Zelensky, intensificou suas conversas com l\u00edderes internacionais. Na semana passada, Zelensky dialogou com o presidente dos Estados Unidos, Donald Trump, sobre os pr\u00f3ximos passos nas negocia\u00e7\u00f5es de paz. Trump tem demonstrado interesse em uma resolu\u00e7\u00e3o r\u00e1pida, enquanto Zelensky mant\u00e9m a posi\u00e7\u00e3o de que os termos propostos pela R\u00fassia s\u00e3o inaceit\u00e1veis.<\/p>\n\n\n\n<p>Durante uma reuni\u00e3o com aliados em Helsinque, Zelensky expressou otimismo quanto \u00e0 possibilidade de um acordo de paz ainda este ano. No entanto, ele rejeitou as condi\u00e7\u00f5es impostas pela R\u00fassia, que incluem o fim do fornecimento de armas e intelig\u00eancia \u00e0 Ucr\u00e2nia como pr\u00e9-requisito para um cessar-fogo total.<\/p>\n\n\n\n<p>O Kremlin, por sua vez, prop\u00f4s uma interrup\u00e7\u00e3o dos ataques \u00e0 infraestrutura energ\u00e9tica ucraniana, mas n\u00e3o aceitou a proposta de cessar-fogo total defendida por Zelensky e apoiada pelos Estados Unidos. As negocia\u00e7\u00f5es continuam em um impasse, com ambas as partes mantendo posi\u00e7\u00f5es firmes.<\/p>\n\n\n\n<p><em>Fonte: Mundo ao Minuto<\/em><\/p>\n","protected":false},"excerpt":{"rendered":"<p>Zelensky faz declara\u00e7\u00e3o pol\u00eamica sobre Putin e discute futuro das negocia\u00e7\u00f5es de paz<\/p>\n","protected":false},"author":2,"featured_media":69387,"comment_status":"open","ping_status":"open","sticky":false,"template":"","format":"standard","meta":{"om_disable_all_campaigns":false,"_monsterinsights_skip_tracking":false,"_monsterinsights_sitenote_active":false,"_monsterinsights_sitenote_note":"","_monsterinsights_sitenote_category":0,"footnotes":""},"categories":[70,35,69],"tags":[100,71,48,75,4178,4180,129,107,4181,132,230,169,339,106,203,120,51,109,88,47,826,111,190,6712,5298],"class_list":["post-70487","post","type-post","status-publish","format-standard","has-post-thumbnail","hentry","category-destaques","category-mundo","category-noticias2","tag-adustina","tag-antas","tag-araci","tag-cicero-dantas","tag-cipo-2","tag-crisopolis-2","tag-euclides-da-cunha","tag-fatima","tag-heliopolis-2","tag-itapicuru","tag-jeremoabo","tag-morte","tag-mundo","tag-nova-soure","tag-novo-triunfo","tag-olindina","tag-paripiranga","tag-quijingue","tag-ribeira-do-amparo","tag-ribeira-do-pombal","tag-russia","tag-sitio-do-quinto","tag-tucano","tag-vladmir-putin","tag-volodymyr-zelensky"],"aioseo_notices":[],"_links":{"self":[{"href":"https:\/\/www.portalalerta.com.br\/index.php\/wp-json\/wp\/v2\/posts\/70487","targetHints":{"allow":["GET"]}}],"collection":[{"href":"https:\/\/www.portalalerta.com.br\/index.php\/wp-json\/wp\/v2\/posts"}],"about":[{"href":"https:\/\/www.portalalerta.com.br\/index.php\/wp-json\/wp\/v2\/types\/post"}],"author":[{"embeddable":true,"href":"https:\/\/www.portalalerta.com.br\/index.php\/wp-json\/wp\/v2\/users\/2"}],"replies":[{"embeddable":true,"href":"https:\/\/www.portalalerta.com.br\/index.php\/wp-json\/wp\/v2\/comments?post=70487"}],"version-history":[{"count":2,"href":"https:\/\/www.portalalerta.com.br\/index.php\/wp-json\/wp\/v2\/posts\/70487\/revisions"}],"predecessor-version":[{"id":70489,"href":"https:\/\/www.portalalerta.com.br\/index.php\/wp-json\/wp\/v2\/posts\/70487\/revisions\/70489"}],"wp:featuredmedia":[{"embeddable":true,"href":"https:\/\/www.portalalerta.com.br\/index.php\/wp-json\/wp\/v2\/media\/69387"}],"wp:attachment":[{"href":"https:\/\/www.portalalerta.com.br\/index.php\/wp-json\/wp\/v2\/media?parent=70487"}],"wp:term":[{"taxonomy":"category","embeddable":true,"href":"https:\/\/www.portalalerta.com.br\/index.php\/wp-json\/wp\/v2\/categories?post=70487"},{"taxonomy":"post_tag","embeddable":true,"href":"https:\/\/www.portalalerta.com.br\/index.php\/wp-json\/wp\/v2\/tags?post=70487"}],"curies":[{"name":"wp","href":"https:\/\/api.w.org\/{rel}","templated":true}]}}