{"id":70490,"date":"2025-03-27T19:32:10","date_gmt":"2025-03-27T22:32:10","guid":{"rendered":"https:\/\/www.portalalerta.com.br\/?p=70490"},"modified":"2025-03-28T01:52:50","modified_gmt":"2025-03-28T04:52:50","slug":"pm-e-gcm-cumprme-mandado-de-prisao-contra-homem-acusado-de-estupro-em-adustina-ba","status":"publish","type":"post","link":"https:\/\/www.portalalerta.com.br\/index.php\/2025\/03\/27\/pm-e-gcm-cumprme-mandado-de-prisao-contra-homem-acusado-de-estupro-em-adustina-ba\/","title":{"rendered":"PM e GCM cumprem mandado de pris\u00e3o contra homem acusado de estupro, em Adustina-BA"},"content":{"rendered":"\n<p>Um homem identificado pelas iniciais J de J.N (Z\u00e9 Preto), 51 anos, foi preso por volta das 16h da \u00faltima quarta-feira (26), no povoado S\u00e3o Francisco, zona rural de Adustina-BA.<\/p>\n\n\n\n<!--more-->\n\n\n<div class=\"wp-block-image\">\n<figure class=\"alignleft size-full\"><img fetchpriority=\"high\" decoding=\"async\" width=\"400\" height=\"500\" src=\"https:\/\/www.portalalerta.com.br\/wp-content\/uploads\/2025\/01\/Liquida-Verao-Real-2025.jpg\" alt=\"\" class=\"wp-image-68486\" srcset=\"https:\/\/www.portalalerta.com.br\/wp-content\/uploads\/2025\/01\/Liquida-Verao-Real-2025.jpg 400w, https:\/\/www.portalalerta.com.br\/wp-content\/uploads\/2025\/01\/Liquida-Verao-Real-2025-192x240.jpg 192w\" sizes=\"(max-width: 400px) 100vw, 400px\" \/><\/figure><\/div>\n\n\n<p>A a\u00e7\u00e3o foi realizada de forma conjunta entre policiais militares e Guardas Civis Municipais, em cumprimento a um mandado de pris\u00e3o oriundo da Comarca de C\u00edcero Dantas-BA.<\/p>\n\n\n\n<p>Z\u00e9 Preto \u00e9 acusado da pr\u00e1tica do crime de estupro. Ap\u00f3s a captura, foi conduzido para a Delegacia de Pol\u00edcia Civil de C\u00edcero Dantas, onde se encontra \u00e0 disposi\u00e7\u00e3o da justi\u00e7a.<\/p>\n\n\n\n<p><em>Reda\u00e7\u00e3o: Portal Alerta<\/em><\/p>\n","protected":false},"excerpt":{"rendered":"<p>Um homem identificado pelas iniciais J de J.N (Z\u00e9 Preto), 51 anos, foi preso por volta das 16h da \u00faltima quarta-feira (26), no povoado S\u00e3o Francisco, zona rural de Adustina-BA.<\/p>\n","protected":false},"author":2,"featured_media":3047,"comment_status":"open","ping_status":"open","sticky":false,"template":"","format":"standard","meta":{"om_disable_all_campaigns":false,"_monsterinsights_skip_tracking":false,"_monsterinsights_sitenote_active":false,"_monsterinsights_sitenote_note":"","_monsterinsights_sitenote_category":0,"footnotes":""},"categories":[40,70,69,32,22],"tags":[100,71,48,75,4178,4180,56,129,107,313,4181,132,230,488,106,203,120,51,79,77,109,88,47,111,190],"class_list":["post-70490","post","type-post","status-publish","format-standard","has-post-thumbnail","hentry","category-adustina","category-destaques","category-noticias2","category-regiao","category-seguranca","tag-adustina","tag-antas","tag-araci","tag-cicero-dantas","tag-cipo-2","tag-crisopolis-2","tag-estupro","tag-euclides-da-cunha","tag-fatima","tag-gcm","tag-heliopolis-2","tag-itapicuru","tag-jeremoabo","tag-mandado-de-prisao","tag-nova-soure","tag-novo-triunfo","tag-olindina","tag-paripiranga","tag-policia-militar","tag-preso","tag-quijingue","tag-ribeira-do-amparo","tag-ribeira-do-pombal","tag-sitio-do-quinto","tag-tucano"],"aioseo_notices":[],"_links":{"self":[{"href":"https:\/\/www.portalalerta.com.br\/index.php\/wp-json\/wp\/v2\/posts\/70490","targetHints":{"allow":["GET"]}}],"collection":[{"href":"https:\/\/www.portalalerta.com.br\/index.php\/wp-json\/wp\/v2\/posts"}],"about":[{"href":"https:\/\/www.portalalerta.com.br\/index.php\/wp-json\/wp\/v2\/types\/post"}],"author":[{"embeddable":true,"href":"https:\/\/www.portalalerta.com.br\/index.php\/wp-json\/wp\/v2\/users\/2"}],"replies":[{"embeddable":true,"href":"https:\/\/www.portalalerta.com.br\/index.php\/wp-json\/wp\/v2\/comments?post=70490"}],"version-history":[{"count":3,"href":"https:\/\/www.portalalerta.com.br\/index.php\/wp-json\/wp\/v2\/posts\/70490\/revisions"}],"predecessor-version":[{"id":70517,"href":"https:\/\/www.portalalerta.com.br\/index.php\/wp-json\/wp\/v2\/posts\/70490\/revisions\/70517"}],"wp:featuredmedia":[{"embeddable":true,"href":"https:\/\/www.portalalerta.com.br\/index.php\/wp-json\/wp\/v2\/media\/3047"}],"wp:attachment":[{"href":"https:\/\/www.portalalerta.com.br\/index.php\/wp-json\/wp\/v2\/media?parent=70490"}],"wp:term":[{"taxonomy":"category","embeddable":true,"href":"https:\/\/www.portalalerta.com.br\/index.php\/wp-json\/wp\/v2\/categories?post=70490"},{"taxonomy":"post_tag","embeddable":true,"href":"https:\/\/www.portalalerta.com.br\/index.php\/wp-json\/wp\/v2\/tags?post=70490"}],"curies":[{"name":"wp","href":"https:\/\/api.w.org\/{rel}","templated":true}]}}