{"id":70493,"date":"2025-03-27T19:34:22","date_gmt":"2025-03-27T22:34:22","guid":{"rendered":"https:\/\/www.portalalerta.com.br\/?p=70493"},"modified":"2025-03-27T19:34:23","modified_gmt":"2025-03-27T22:34:23","slug":"stf-exige-explicacoes-em-48-h-sobre-possivel-saida-de-leo-indio-do-brasil","status":"publish","type":"post","link":"https:\/\/www.portalalerta.com.br\/index.php\/2025\/03\/27\/stf-exige-explicacoes-em-48-h-sobre-possivel-saida-de-leo-indio-do-brasil\/","title":{"rendered":"STF exige explica\u00e7\u00f5es em 48 h sobre poss\u00edvel sa\u00edda de L\u00e9o \u00cdndio do Brasil"},"content":{"rendered":"\n<p>Durante entrevista a uma r\u00e1dio, primo dos filhos mais velhos do ex-presidente Jair Bolsonaro (PL) afirmou ter deixado o pa\u00eds logo ap\u00f3s se tornar r\u00e9u no STF<\/p>\n\n\n\n<!--more-->\n\n\n\n<p>O ministro Alexandre de Moraes, do Supremo Tribunal Federal (STF), concedeu um prazo de 48 horas para que os advogados de Leonardo Rodrigues de Jesus, conhecido como L\u00e9o \u00cdndio, esclare\u00e7am se ele est\u00e1 fora do Brasil. Em entrevista a uma r\u00e1dio, o primo dos filhos mais velhos do ex-presidente Jair Bolsonaro (PL) afirmou&nbsp;<a href=\"https:\/\/www.cnnbrasil.com.br\/internacional\/policia-argentina-esta-a-procura-de-foragidos-do-8-1-diz-ministra-de-milei-a-cnn\/\">ter viajado para a Argentina<\/a>.<\/p>\n\n\n<div class=\"wp-block-image\">\n<figure class=\"alignleft size-large is-resized\"><img fetchpriority=\"high\" decoding=\"async\" src=\"https:\/\/www.portalalerta.com.br\/wp-content\/uploads\/2024\/12\/Sabino-Carrinho-de-mao-1024x1024.jpeg\" alt=\"\" class=\"wp-image-65525\" width=\"400\" height=\"400\" srcset=\"https:\/\/www.portalalerta.com.br\/wp-content\/uploads\/2024\/12\/Sabino-Carrinho-de-mao-1024x1024.jpeg 1024w, https:\/\/www.portalalerta.com.br\/wp-content\/uploads\/2024\/12\/Sabino-Carrinho-de-mao-240x240.jpeg 240w, https:\/\/www.portalalerta.com.br\/wp-content\/uploads\/2024\/12\/Sabino-Carrinho-de-mao-768x768.jpeg 768w, https:\/\/www.portalalerta.com.br\/wp-content\/uploads\/2024\/12\/Sabino-Carrinho-de-mao.jpeg 1080w\" sizes=\"(max-width: 400px) 100vw, 400px\" \/><\/figure><\/div>\n\n\n<p>Segundo L\u00e9o \u00cdndio, ele deixou o pa\u00eds logo ap\u00f3s se tornar r\u00e9u no Supremo por participa\u00e7\u00e3o nos atos de 8 de janeiro de 2023.<\/p>\n\n\n\n<p>O caso no STF \u00e9 baseado em uma den\u00fancia da Procuradoria-Geral da Rep\u00fablica (PGR), que acusa o primo de 3 filhos de Jair Bolsonaro (PL) de ter cometido os crimes de:<\/p>\n\n\n\n<ul class=\"wp-block-list\">\n<li>Tentativa de aboli\u00e7\u00e3o violenta do Estado Democr\u00e1tico de Direito;<\/li>\n\n\n\n<li>Golpe de Estado;<\/li>\n\n\n\n<li>Dano qualificado pela viol\u00eancia e grave amea\u00e7a, contra o patrim\u00f4nio da Uni\u00e3o e com consider\u00e1vel preju\u00edzo para a v\u00edtima;<\/li>\n\n\n\n<li>Deteriora\u00e7\u00e3o de patrim\u00f4nio tombado.<\/li>\n<\/ul>\n\n\n\n<p>De acordo com a PGR, o pr\u00f3prio L\u00e9o \u00cdndio produziu, em suas redes sociais, provas \u201csuficientes\u201d para responder ao processo. Al\u00e9m disso, ele teria participado de grupos de WhatsApp com tem\u00e1tica antidemocr\u00e1tica, onde eram compartilhadas mensagens de insurrei\u00e7\u00e3o.<\/p>\n\n\n\n<p>Apesar disso, a defesa do agora r\u00e9u negou a exist\u00eancia de \u201cefetivas provas, nos autos, quanto \u00e0 participa\u00e7\u00e3o dele no cometimento dos referidos crimes\u201d.<\/p>\n\n\n\n<p><em>Fonte: CNN<\/em><\/p>\n","protected":false},"excerpt":{"rendered":"<p>Durante entrevista a uma r\u00e1dio, primo dos filhos mais velhos do ex-presidente Jair Bolsonaro (PL) afirmou ter deixado o pa\u00eds logo ap\u00f3s se tornar r\u00e9u no STF<\/p>\n","protected":false},"author":2,"featured_media":70486,"comment_status":"open","ping_status":"open","sticky":false,"template":"","format":"standard","meta":{"om_disable_all_campaigns":false,"_monsterinsights_skip_tracking":false,"_monsterinsights_sitenote_active":false,"_monsterinsights_sitenote_note":"","_monsterinsights_sitenote_category":0,"footnotes":""},"categories":[34,70,69,21],"tags":[100,71,48,297,93,75,4178,4180,129,107,137,4181,132,230,7915,339,106,203,120,51,109,88,47,111,216,190],"class_list":["post-70493","post","type-post","status-publish","format-standard","has-post-thumbnail","hentry","category-brasil","category-destaques","category-noticias2","category-politica","tag-adustina","tag-antas","tag-araci","tag-argentina","tag-brasil","tag-cicero-dantas","tag-cipo-2","tag-crisopolis-2","tag-euclides-da-cunha","tag-fatima","tag-fuga","tag-heliopolis-2","tag-itapicuru","tag-jeremoabo","tag-leo-indio","tag-mundo","tag-nova-soure","tag-novo-triunfo","tag-olindina","tag-paripiranga","tag-quijingue","tag-ribeira-do-amparo","tag-ribeira-do-pombal","tag-sitio-do-quinto","tag-stf","tag-tucano"],"aioseo_notices":[],"_links":{"self":[{"href":"https:\/\/www.portalalerta.com.br\/index.php\/wp-json\/wp\/v2\/posts\/70493","targetHints":{"allow":["GET"]}}],"collection":[{"href":"https:\/\/www.portalalerta.com.br\/index.php\/wp-json\/wp\/v2\/posts"}],"about":[{"href":"https:\/\/www.portalalerta.com.br\/index.php\/wp-json\/wp\/v2\/types\/post"}],"author":[{"embeddable":true,"href":"https:\/\/www.portalalerta.com.br\/index.php\/wp-json\/wp\/v2\/users\/2"}],"replies":[{"embeddable":true,"href":"https:\/\/www.portalalerta.com.br\/index.php\/wp-json\/wp\/v2\/comments?post=70493"}],"version-history":[{"count":1,"href":"https:\/\/www.portalalerta.com.br\/index.php\/wp-json\/wp\/v2\/posts\/70493\/revisions"}],"predecessor-version":[{"id":70494,"href":"https:\/\/www.portalalerta.com.br\/index.php\/wp-json\/wp\/v2\/posts\/70493\/revisions\/70494"}],"wp:featuredmedia":[{"embeddable":true,"href":"https:\/\/www.portalalerta.com.br\/index.php\/wp-json\/wp\/v2\/media\/70486"}],"wp:attachment":[{"href":"https:\/\/www.portalalerta.com.br\/index.php\/wp-json\/wp\/v2\/media?parent=70493"}],"wp:term":[{"taxonomy":"category","embeddable":true,"href":"https:\/\/www.portalalerta.com.br\/index.php\/wp-json\/wp\/v2\/categories?post=70493"},{"taxonomy":"post_tag","embeddable":true,"href":"https:\/\/www.portalalerta.com.br\/index.php\/wp-json\/wp\/v2\/tags?post=70493"}],"curies":[{"name":"wp","href":"https:\/\/api.w.org\/{rel}","templated":true}]}}