{"id":70506,"date":"2025-03-28T01:21:18","date_gmt":"2025-03-28T04:21:18","guid":{"rendered":"https:\/\/www.portalalerta.com.br\/?p=70506"},"modified":"2025-03-28T10:43:52","modified_gmt":"2025-03-28T13:43:52","slug":"justica-volta-a-determinar-a-nomeacao-de-concursados-e-aumenta-multa-em-caso-de-descumprimento-municipio-afirma-que-acatara-decisao-judicial","status":"publish","type":"post","link":"https:\/\/www.portalalerta.com.br\/index.php\/2025\/03\/28\/justica-volta-a-determinar-a-nomeacao-de-concursados-e-aumenta-multa-em-caso-de-descumprimento-municipio-afirma-que-acatara-decisao-judicial\/","title":{"rendered":"Justi\u00e7a volta a determinar a nomea\u00e7\u00e3o de concursados em Ribeira do Amparo-BA e aumenta multa em caso de descumprimento. Munic\u00edpio afirma que acatar\u00e1 decis\u00e3o judicial!"},"content":{"rendered":"\n<p>Justi\u00e7a volta a determinar a nomea\u00e7\u00e3o de concursados e aumenta multa em caso de descumprimento. Munic\u00edpio afirma que acatar\u00e1 decis\u00e3o judicial!<\/p>\n\n\n\n<!--more-->\n\n\n\n<p>O Concurso P\u00fablico de Ribeira do Amparo-BA, realizado em 2012, se tornou uma novela cheia de reviravoltas a cada novo cap\u00edtulo, e nesta quinta-feira (27), o drama dos concursados ganhou um novo epis\u00f3dio.<\/p>\n\n\n<div class=\"wp-block-image\">\n<figure class=\"alignleft size-large is-resized\"><img fetchpriority=\"high\" decoding=\"async\" src=\"https:\/\/www.portalalerta.com.br\/wp-content\/uploads\/2024\/04\/autoescola-emprego-1024x1024.jpg\" alt=\"\" class=\"wp-image-55693\" width=\"423\" height=\"423\" srcset=\"https:\/\/www.portalalerta.com.br\/wp-content\/uploads\/2024\/04\/autoescola-emprego-1024x1024.jpg 1024w, https:\/\/www.portalalerta.com.br\/wp-content\/uploads\/2024\/04\/autoescola-emprego-240x240.jpg 240w, https:\/\/www.portalalerta.com.br\/wp-content\/uploads\/2024\/04\/autoescola-emprego-768x768.jpg 768w, https:\/\/www.portalalerta.com.br\/wp-content\/uploads\/2024\/04\/autoescola-emprego.jpg 1080w\" sizes=\"(max-width: 423px) 100vw, 423px\" \/><\/figure><\/div>\n\n\n<p>O juiz da Comarca de Cip\u00f3-BA, Dr. Felipe de Andrade Alves, atendendo a uma A\u00e7\u00e3o Anulat\u00f3ria de Ato Administrativo, determinou que a prefeitura de Ribeira do Amparo, reintegre em at\u00e9 cinco dias ap\u00f3s a cita\u00e7\u00e3o, os servidores exonerados por meio do <strong><a href=\"https:\/\/www.portalalerta.com.br\/index.php\/2025\/01\/10\/prefeita-de-ribeira-do-amparo-ba-anula-convocacao-feita-em-final-de-mandato-de-germano-santana\/\">Decreto 0039 de 08 de janeiro de 2025<\/a><\/strong>, al\u00e9m de restabelecer os vencimentos dos autores da a\u00e7\u00e3o, desde a data dos seus respectivos afastamentos. Em caso de descumprimento da decis\u00e3o, o magistrado aumentou o valor da multa a ser cobrado diretamente da gestora, Tetiana de Paula Fontes Cedro Britto, de R$ 5.000,00\/ dia at\u00e9 o valor m\u00e1ximo de R$ 500.000,00. <strong><a href=\"https:\/\/www.portalalerta.com.br\/index.php\/2025\/01\/31\/prefeitura-se-pronuncia-a-respeito-de-decisao-judicial-que-determina-reintegracao-de-servidores-em-ribeira-do-amparo-ba\/\">Na primeira decis\u00e3o, a justi\u00e7a j\u00e1 havia definido um valor de R$ 2.000,00\/dia at\u00e9 o valor m\u00e1ximo de R$ 100.000,00<\/a><\/strong>. Dr. Felipe afirmou ainda que o n\u00e3o cumprimento da decis\u00e3o, <strong><em>\u201cpoder\u00e1 acarretar na Decreta\u00e7\u00e3o de Interven\u00e7\u00e3o do Estado no Munic\u00edpio\u201d.<\/em><\/strong><\/p>\n\n\n\n<p>O PORTAL ALERTA manteve contato com o Secret\u00e1rio de Governo Marcelo Britto, que afirmou que ordem judicial dever\u00e1 ser cumprida, respeitando os prazos estabelecidos pela justi\u00e7a, quer seja da Comarca de Cip\u00f3, ou do Tribunal de Justi\u00e7a, tendo em vista que o munic\u00edpio aguarda o julgamento de um Recurso interposto na Capital Baiana, referente a a\u00e7\u00e3o em quest\u00e3o. N\u00e3o havendo resposta do Tribunal de Justi\u00e7a, os servidores ser\u00e3o reintegrados conforme a decis\u00e3o de Dr. Felipe.<\/p>\n\n\n\n<p>O Concurso P\u00fablico foi realizado em 2012, por\u00e9m os aprovados foram convocados no final da gest\u00e3o Germano Santana, em dezembro de 2024. <strong><a href=\"https:\/\/www.portalalerta.com.br\/index.php\/2024\/12\/02\/prefeito-de-ribeira-do-amparo-ba-convoca-candidatos-aprovados-em-concurso-publico-ha-12-anos\/\">Relembre<\/a><\/strong><\/p>\n\n\n\n<p>Confira <a href=\"https:\/\/www.portalalerta.com.br\/wp-content\/uploads\/2025\/03\/8000088-33.2025.8.05.0058-1743094476006-11300912-decisao-1.pdf\"><strong>AQUI<\/strong><\/a> a decis\u00e3o na \u00edntegra!<\/p>\n\n\n\n<figure class=\"wp-block-embed is-type-video is-provider-youtube wp-block-embed-youtube wp-embed-aspect-4-3 wp-has-aspect-ratio\"><div class=\"wp-block-embed__wrapper\">\n<iframe title=\"Justi\u00e7a volta a determinar a nomea\u00e7\u00e3o de concursados em Ribeira do Amparo-BA\" width=\"500\" height=\"375\" src=\"https:\/\/www.youtube.com\/embed\/1EeUMjud79Q?feature=oembed\" frameborder=\"0\" allow=\"accelerometer; autoplay; clipboard-write; encrypted-media; gyroscope; picture-in-picture; web-share\" referrerpolicy=\"strict-origin-when-cross-origin\" allowfullscreen><\/iframe>\n<\/div><\/figure>\n\n\n\n<p>Reda\u00e7\u00e3o: Portal Alerta<\/p>\n","protected":false},"excerpt":{"rendered":"<p>Justi\u00e7a volta a determinar a nomea\u00e7\u00e3o de concursados e aumenta multa em caso de descumprimento. Munic\u00edpio afirma que acatar\u00e1 decis\u00e3o judicial!<\/p>\n","protected":false},"author":2,"featured_media":6597,"comment_status":"open","ping_status":"open","sticky":false,"template":"","format":"standard","meta":{"om_disable_all_campaigns":false,"_monsterinsights_skip_tracking":false,"_monsterinsights_sitenote_active":false,"_monsterinsights_sitenote_note":"","_monsterinsights_sitenote_category":0,"footnotes":""},"categories":[70,69,32,16],"tags":[100,71,48,75,4178,3034,4180,129,517,107,4181,132,230,270,106,203,120,51,109,5862,88,47,111,190],"class_list":["post-70506","post","type-post","status-publish","format-standard","has-post-thumbnail","hentry","category-destaques","category-noticias2","category-regiao","category-ribeira-do-amparo","tag-adustina","tag-antas","tag-araci","tag-cicero-dantas","tag-cipo-2","tag-concurso-publico","tag-crisopolis-2","tag-euclides-da-cunha","tag-exoneracao","tag-fatima","tag-heliopolis-2","tag-itapicuru","tag-jeremoabo","tag-justica","tag-nova-soure","tag-novo-triunfo","tag-olindina","tag-paripiranga","tag-quijingue","tag-reintegracao","tag-ribeira-do-amparo","tag-ribeira-do-pombal","tag-sitio-do-quinto","tag-tucano"],"aioseo_notices":[],"_links":{"self":[{"href":"https:\/\/www.portalalerta.com.br\/index.php\/wp-json\/wp\/v2\/posts\/70506","targetHints":{"allow":["GET"]}}],"collection":[{"href":"https:\/\/www.portalalerta.com.br\/index.php\/wp-json\/wp\/v2\/posts"}],"about":[{"href":"https:\/\/www.portalalerta.com.br\/index.php\/wp-json\/wp\/v2\/types\/post"}],"author":[{"embeddable":true,"href":"https:\/\/www.portalalerta.com.br\/index.php\/wp-json\/wp\/v2\/users\/2"}],"replies":[{"embeddable":true,"href":"https:\/\/www.portalalerta.com.br\/index.php\/wp-json\/wp\/v2\/comments?post=70506"}],"version-history":[{"count":3,"href":"https:\/\/www.portalalerta.com.br\/index.php\/wp-json\/wp\/v2\/posts\/70506\/revisions"}],"predecessor-version":[{"id":70600,"href":"https:\/\/www.portalalerta.com.br\/index.php\/wp-json\/wp\/v2\/posts\/70506\/revisions\/70600"}],"wp:featuredmedia":[{"embeddable":true,"href":"https:\/\/www.portalalerta.com.br\/index.php\/wp-json\/wp\/v2\/media\/6597"}],"wp:attachment":[{"href":"https:\/\/www.portalalerta.com.br\/index.php\/wp-json\/wp\/v2\/media?parent=70506"}],"wp:term":[{"taxonomy":"category","embeddable":true,"href":"https:\/\/www.portalalerta.com.br\/index.php\/wp-json\/wp\/v2\/categories?post=70506"},{"taxonomy":"post_tag","embeddable":true,"href":"https:\/\/www.portalalerta.com.br\/index.php\/wp-json\/wp\/v2\/tags?post=70506"}],"curies":[{"name":"wp","href":"https:\/\/api.w.org\/{rel}","templated":true}]}}