{"id":70638,"date":"2025-03-30T07:00:00","date_gmt":"2025-03-30T10:00:00","guid":{"rendered":"https:\/\/www.portalalerta.com.br\/?p=70638"},"modified":"2025-03-30T06:06:41","modified_gmt":"2025-03-30T09:06:41","slug":"recem-chegado-de-salvador-ba-e-assassinado-a-tiros-e-fatima-ba-registra-o-segundo-homicidio-do-ano","status":"publish","type":"post","link":"https:\/\/www.portalalerta.com.br\/index.php\/2025\/03\/30\/recem-chegado-de-salvador-ba-e-assassinado-a-tiros-e-fatima-ba-registra-o-segundo-homicidio-do-ano\/","title":{"rendered":"Rec\u00e9m chegado de Salvador-BA \u00e9 assassinado a tiros, e F\u00e1tima-BA registra o segundo homic\u00eddio do ano"},"content":{"rendered":"\n<p>Por volta das 19h30 do \u00faltimo s\u00e1bado (29), um homem de 21 anos de idade, foi assassinado a tiros no povoado Formigueiro, em F\u00e1tima-BA. A v\u00edtima foi encontrada j\u00e1 sem os sinais vitais numa estrada que liga a Sede do munic\u00edpio, ao povoado Paus Preto.<\/p>\n\n\n\n<!--more-->\n\n\n<div class=\"wp-block-image\">\n<figure class=\"alignleft size-full\"><img fetchpriority=\"high\" decoding=\"async\" width=\"400\" height=\"500\" src=\"https:\/\/www.portalalerta.com.br\/wp-content\/uploads\/2025\/01\/Liquida-Verao-Real-2025.jpg\" alt=\"\" class=\"wp-image-68486\" srcset=\"https:\/\/www.portalalerta.com.br\/wp-content\/uploads\/2025\/01\/Liquida-Verao-Real-2025.jpg 400w, https:\/\/www.portalalerta.com.br\/wp-content\/uploads\/2025\/01\/Liquida-Verao-Real-2025-192x240.jpg 192w\" sizes=\"(max-width: 400px) 100vw, 400px\" \/><\/figure><\/div>\n\n\n<p>Leandro dos Santos Jorge (L\u00e9o), foi encontrado j\u00e1 sem os sinais vitais, com ferimentos causados por disparos de arma de fogo. A v\u00edtima era de Salvador-BA, e estava no munic\u00edpio h\u00e1 aproximadamente um m\u00eas, onde convivia na resid\u00eancia de uma tia.<\/p>\n\n\n\n<p>O caso foi informado ao Departamento de Pol\u00edcia T\u00e9cnica (DPT \u2013 Euclides da Cunha), para a realiza\u00e7\u00e3o da per\u00edcia, bem como a remo\u00e7\u00e3o do corpo para ser autopsiado.<\/p>\n\n\n\n<p>At\u00e9 o fechamento desta mat\u00e9ria n\u00e3o havia informa\u00e7\u00f5es que levassem ao suspeito da autoria. As investiga\u00e7\u00f5es sobre a autoria e motiva\u00e7\u00e3o do crime, ficar\u00e3o a cargo da Pol\u00edcia Civil local.<\/p>\n\n\n\n<p>Este \u00e9 segundo homic\u00eddio do ano na cidade.<\/p>\n\n\n\n<p><em>Reda\u00e7\u00e3o: Portal Alerta<\/em><\/p>\n","protected":false},"excerpt":{"rendered":"<p>Por volta das 19h30 do \u00faltimo s\u00e1bado (29), um homem de 21 anos de idade, foi assassinado a tiros no povoado Formigueiro, em F\u00e1tima-BA. A v\u00edtima foi encontrada j\u00e1 sem os sinais vitais numa estrada que liga a Sede do munic\u00edpio, ao povoado Paus Preto.<\/p>\n","protected":false},"author":2,"featured_media":36437,"comment_status":"open","ping_status":"open","sticky":false,"template":"","format":"standard","meta":{"om_disable_all_campaigns":false,"_monsterinsights_skip_tracking":false,"_monsterinsights_sitenote_active":false,"_monsterinsights_sitenote_note":"","_monsterinsights_sitenote_category":0,"footnotes":""},"categories":[70,10,69,32,22],"tags":[100,71,48,75,4178,4180,375,129,107,4181,206,132,230,169,106,203,120,51,109,88,47,111,190],"class_list":["post-70638","post","type-post","status-publish","format-standard","has-post-thumbnail","hentry","category-destaques","category-fatima","category-noticias2","category-regiao","category-seguranca","tag-adustina","tag-antas","tag-araci","tag-cicero-dantas","tag-cipo-2","tag-crisopolis-2","tag-disparos-de-arma-de-fogo","tag-euclides-da-cunha","tag-fatima","tag-heliopolis-2","tag-homicidio","tag-itapicuru","tag-jeremoabo","tag-morte","tag-nova-soure","tag-novo-triunfo","tag-olindina","tag-paripiranga","tag-quijingue","tag-ribeira-do-amparo","tag-ribeira-do-pombal","tag-sitio-do-quinto","tag-tucano"],"aioseo_notices":[],"_links":{"self":[{"href":"https:\/\/www.portalalerta.com.br\/index.php\/wp-json\/wp\/v2\/posts\/70638","targetHints":{"allow":["GET"]}}],"collection":[{"href":"https:\/\/www.portalalerta.com.br\/index.php\/wp-json\/wp\/v2\/posts"}],"about":[{"href":"https:\/\/www.portalalerta.com.br\/index.php\/wp-json\/wp\/v2\/types\/post"}],"author":[{"embeddable":true,"href":"https:\/\/www.portalalerta.com.br\/index.php\/wp-json\/wp\/v2\/users\/2"}],"replies":[{"embeddable":true,"href":"https:\/\/www.portalalerta.com.br\/index.php\/wp-json\/wp\/v2\/comments?post=70638"}],"version-history":[{"count":2,"href":"https:\/\/www.portalalerta.com.br\/index.php\/wp-json\/wp\/v2\/posts\/70638\/revisions"}],"predecessor-version":[{"id":70641,"href":"https:\/\/www.portalalerta.com.br\/index.php\/wp-json\/wp\/v2\/posts\/70638\/revisions\/70641"}],"wp:featuredmedia":[{"embeddable":true,"href":"https:\/\/www.portalalerta.com.br\/index.php\/wp-json\/wp\/v2\/media\/36437"}],"wp:attachment":[{"href":"https:\/\/www.portalalerta.com.br\/index.php\/wp-json\/wp\/v2\/media?parent=70638"}],"wp:term":[{"taxonomy":"category","embeddable":true,"href":"https:\/\/www.portalalerta.com.br\/index.php\/wp-json\/wp\/v2\/categories?post=70638"},{"taxonomy":"post_tag","embeddable":true,"href":"https:\/\/www.portalalerta.com.br\/index.php\/wp-json\/wp\/v2\/tags?post=70638"}],"curies":[{"name":"wp","href":"https:\/\/api.w.org\/{rel}","templated":true}]}}