{"id":70663,"date":"2025-03-31T23:39:49","date_gmt":"2025-04-01T02:39:49","guid":{"rendered":"https:\/\/www.portalalerta.com.br\/?p=70663"},"modified":"2025-04-01T01:36:51","modified_gmt":"2025-04-01T04:36:51","slug":"dpt-indica-que-jessica-foi-vitima-de-homicidio-e-ribeira-do-pombal-ba-registra-o-terceiro-homicidio-do-ano","status":"publish","type":"post","link":"https:\/\/www.portalalerta.com.br\/index.php\/2025\/03\/31\/dpt-indica-que-jessica-foi-vitima-de-homicidio-e-ribeira-do-pombal-ba-registra-o-terceiro-homicidio-do-ano\/","title":{"rendered":"DPT indica que J\u00e9ssica foi assassinada, e Ribeira do Pombal-BA registra o terceiro homic\u00eddio do ano!"},"content":{"rendered":"\n<p>Um relat\u00f3rio de Ocorr\u00eancia atribu\u00eddo ao Departamento de Pol\u00edcia T\u00e9cnica (DPT \u2013 Euclides da Cunha), aponta que J\u00e9ssica Aline Jesus dos Santos, 28 anos, foi assassinada na madrugada do \u00faltimo s\u00e1bado (29), em Ribeira do Pombal-BA.<\/p>\n\n\n\n<!--more-->\n\n\n<div class=\"wp-block-image\">\n<figure class=\"alignleft size-large is-resized\"><img fetchpriority=\"high\" decoding=\"async\" src=\"https:\/\/www.portalalerta.com.br\/wp-content\/uploads\/2024\/04\/autoescola-emprego-1024x1024.jpg\" alt=\"\" class=\"wp-image-55693\" width=\"404\" height=\"404\" srcset=\"https:\/\/www.portalalerta.com.br\/wp-content\/uploads\/2024\/04\/autoescola-emprego-1024x1024.jpg 1024w, https:\/\/www.portalalerta.com.br\/wp-content\/uploads\/2024\/04\/autoescola-emprego-240x240.jpg 240w, https:\/\/www.portalalerta.com.br\/wp-content\/uploads\/2024\/04\/autoescola-emprego-768x768.jpg 768w, https:\/\/www.portalalerta.com.br\/wp-content\/uploads\/2024\/04\/autoescola-emprego.jpg 1080w\" sizes=\"(max-width: 404px) 100vw, 404px\" \/><\/figure><\/div>\n\n\n<p>J\u00e9ssica foi encontrada morta, no interior da casa do pr\u00f3prio pai, com ferimentos pelo corpo, causado por golpes de faca. Na \u00e9poca, a possibilidade de suic\u00eddio n\u00e3o foi descartada, tendo em vista que a v\u00edtima apresentava cortes nos pulsos. Com a chegada da equipe do DPT, foram constatados outros ferimentos, bem como uma faca sobre a cama.<\/p>\n\n\n\n<p>Com a confirma\u00e7\u00e3o do crime, sobe para tr\u00eas, o n\u00famero de homic\u00eddios em Ribeira do Pombal, somente em 2025.<\/p>\n\n\n\n<figure class=\"wp-block-embed is-type-video is-provider-youtube wp-block-embed-youtube wp-embed-aspect-4-3 wp-has-aspect-ratio\"><div class=\"wp-block-embed__wrapper\">\n<iframe title=\"DPT indica que J\u00e9ssica foi assassinada, e Ribeira do Pombal-BA registra o terceiro homic\u00eddio do ano\" width=\"422\" height=\"750\" src=\"https:\/\/www.youtube.com\/embed\/eYuoIM3WNGU?feature=oembed\" frameborder=\"0\" allow=\"accelerometer; autoplay; clipboard-write; encrypted-media; gyroscope; picture-in-picture; web-share\" referrerpolicy=\"strict-origin-when-cross-origin\" allowfullscreen><\/iframe>\n<\/div><\/figure>\n\n\n\n<p><em>Reda\u00e7\u00e3o: Portal Alerta<\/em><\/p>\n","protected":false},"excerpt":{"rendered":"<p>Um relat\u00f3rio de Ocorr\u00eancia atribu\u00eddo ao Departamento de Pol\u00edcia T\u00e9cnica (DPT \u2013 Euclides da Cunha), aponta que J\u00e9ssica Aline Jesus dos Santos, 28 anos, foi assassinada na madrugada do \u00faltimo s\u00e1bado (29), em Ribeira do Pombal-BA.<\/p>\n","protected":false},"author":2,"featured_media":70604,"comment_status":"open","ping_status":"open","sticky":false,"template":"","format":"standard","meta":{"om_disable_all_campaigns":false,"_monsterinsights_skip_tracking":false,"_monsterinsights_sitenote_active":false,"_monsterinsights_sitenote_note":"","_monsterinsights_sitenote_category":0,"footnotes":""},"categories":[70,69,32,3,22,68],"tags":[],"class_list":["post-70663","post","type-post","status-publish","format-standard","has-post-thumbnail","hentry","category-destaques","category-noticias2","category-regiao","category-ribeira-do-pombal","category-seguranca","category-videos"],"aioseo_notices":[],"_links":{"self":[{"href":"https:\/\/www.portalalerta.com.br\/index.php\/wp-json\/wp\/v2\/posts\/70663","targetHints":{"allow":["GET"]}}],"collection":[{"href":"https:\/\/www.portalalerta.com.br\/index.php\/wp-json\/wp\/v2\/posts"}],"about":[{"href":"https:\/\/www.portalalerta.com.br\/index.php\/wp-json\/wp\/v2\/types\/post"}],"author":[{"embeddable":true,"href":"https:\/\/www.portalalerta.com.br\/index.php\/wp-json\/wp\/v2\/users\/2"}],"replies":[{"embeddable":true,"href":"https:\/\/www.portalalerta.com.br\/index.php\/wp-json\/wp\/v2\/comments?post=70663"}],"version-history":[{"count":4,"href":"https:\/\/www.portalalerta.com.br\/index.php\/wp-json\/wp\/v2\/posts\/70663\/revisions"}],"predecessor-version":[{"id":70702,"href":"https:\/\/www.portalalerta.com.br\/index.php\/wp-json\/wp\/v2\/posts\/70663\/revisions\/70702"}],"wp:featuredmedia":[{"embeddable":true,"href":"https:\/\/www.portalalerta.com.br\/index.php\/wp-json\/wp\/v2\/media\/70604"}],"wp:attachment":[{"href":"https:\/\/www.portalalerta.com.br\/index.php\/wp-json\/wp\/v2\/media?parent=70663"}],"wp:term":[{"taxonomy":"category","embeddable":true,"href":"https:\/\/www.portalalerta.com.br\/index.php\/wp-json\/wp\/v2\/categories?post=70663"},{"taxonomy":"post_tag","embeddable":true,"href":"https:\/\/www.portalalerta.com.br\/index.php\/wp-json\/wp\/v2\/tags?post=70663"}],"curies":[{"name":"wp","href":"https:\/\/api.w.org\/{rel}","templated":true}]}}