{"id":70784,"date":"2025-04-03T06:00:00","date_gmt":"2025-04-03T09:00:00","guid":{"rendered":"https:\/\/www.portalalerta.com.br\/?p=70784"},"modified":"2025-04-02T23:32:30","modified_gmt":"2025-04-03T02:32:30","slug":"delegado-paulo-jason-de-melo-falcao-e-promovido-a-diretoria-da-dirpin-norte-leste","status":"publish","type":"post","link":"https:\/\/www.portalalerta.com.br\/index.php\/2025\/04\/03\/delegado-paulo-jason-de-melo-falcao-e-promovido-a-diretoria-da-dirpin-norte-leste\/","title":{"rendered":"Delegado Paulo Jason de Melo Falc\u00e3o \u00e9 promovido a Diretoria da DIRPIN-Norte Leste"},"content":{"rendered":"\n<p>Ex-coordenador da 25a Coorpin assume novo desafio liderando dez coordenadorias regionais na Bahia<\/p>\n\n\n\n<!--more-->\n\n\n<div class=\"wp-block-image\">\n<figure class=\"alignleft size-full\"><img fetchpriority=\"high\" decoding=\"async\" width=\"400\" height=\"500\" src=\"https:\/\/www.portalalerta.com.br\/wp-content\/uploads\/2025\/01\/Liquida-Verao-Real-2025.jpg\" alt=\"\" class=\"wp-image-68486\" srcset=\"https:\/\/www.portalalerta.com.br\/wp-content\/uploads\/2025\/01\/Liquida-Verao-Real-2025.jpg 400w, https:\/\/www.portalalerta.com.br\/wp-content\/uploads\/2025\/01\/Liquida-Verao-Real-2025-192x240.jpg 192w\" sizes=\"(max-width: 400px) 100vw, 400px\" \/><\/figure><\/div>\n\n\n<p>O delegado Paulo Jason de Melo Falc\u00e3o, que esteve \u00e0 frente da 25\u00aa Coordenadoria Regional de Pol\u00edcia do Interior (Coorpin) de Euclides da Cunha por oito anos, foi promovido para um dos cargos mais importantes da estrutura da Pol\u00edcia Civil da Bahia. Ele agora assume a Diretoria da DIRPIN-Norte Leste, que abrange dez coordenadorias regionais, incluindo cidades de grande relev\u00e2ncia como Feira de Santana, Juazeiro e Paulo Afonso. A nomea\u00e7\u00e3o foi oficializada no Di\u00e1rio Oficial do Estado da Bahia nesta ter\u00e7a-feira.<\/p>\n\n\n\n<p>A promo\u00e7\u00e3o de Paulo Jason \u00e9 o reconhecimento pelo excelente trabalho realizado durante sua gest\u00e3o na 25\u00aa Coorpin. Sob seu comando, a pol\u00edcia civil da regi\u00e3o obteve avan\u00e7os significativos no combate ao crime, com diversas opera\u00e7\u00f5es bem-sucedidas, pris\u00f5es de criminosos de alta periculosidade e melhoria nos \u00edndices de seguran\u00e7a p\u00fablica. Sua gest\u00e3o tamb\u00e9m foi marcada por uma estreita colabora\u00e7\u00e3o com outras for\u00e7as de seguran\u00e7a e institui\u00e7\u00f5es p\u00fablicas para fortalecer o policiamento e a investiga\u00e7\u00e3o na regi\u00e3o.<\/p>\n\n\n\n<p>A promo\u00e7\u00e3o de Paulo Jason representa um avan\u00e7o significativo na carreira do delegado, que agora assume uma posi\u00e7\u00e3o de maior abrang\u00eancia e responsabilidade dentro da estrutura da Pol\u00edcia Civil da Bahia. Seu legado na 25\u00aa Coorpin certamente deixar\u00e1 marcas, e sua nova fun\u00e7\u00e3o na DIRPIN-Norte Leste ser\u00e1 um desafio a mais para continuar contribuindo com a seguran\u00e7a p\u00fablica do estado.<\/p>\n\n\n\n<p><em>Fonte: Portal Euclidense<\/em><\/p>\n","protected":false},"excerpt":{"rendered":"<p>Ex-coordenador da 25a Coorpin assume novo desafio liderando dez coordenadorias regionais na Bahia<\/p>\n","protected":false},"author":2,"featured_media":70783,"comment_status":"open","ping_status":"open","sticky":false,"template":"","format":"standard","meta":{"om_disable_all_campaigns":false,"_monsterinsights_skip_tracking":false,"_monsterinsights_sitenote_active":false,"_monsterinsights_sitenote_note":"","_monsterinsights_sitenote_category":0,"footnotes":""},"categories":[70,69,32,22],"tags":[100,71,48,75,4178,4180,7921,7920,129,107,4181,132,230,106,203,120,51,7922,122,109,88,47,111,190],"class_list":["post-70784","post","type-post","status-publish","format-standard","has-post-thumbnail","hentry","category-destaques","category-noticias2","category-regiao","category-seguranca","tag-adustina","tag-antas","tag-araci","tag-cicero-dantas","tag-cipo-2","tag-crisopolis-2","tag-delegado-regional","tag-diretoria-geral-da-policia-civil","tag-euclides-da-cunha","tag-fatima","tag-heliopolis-2","tag-itapicuru","tag-jeremoabo","tag-nova-soure","tag-novo-triunfo","tag-olindina","tag-paripiranga","tag-paulo-jason","tag-policia-civil","tag-quijingue","tag-ribeira-do-amparo","tag-ribeira-do-pombal","tag-sitio-do-quinto","tag-tucano"],"aioseo_notices":[],"_links":{"self":[{"href":"https:\/\/www.portalalerta.com.br\/index.php\/wp-json\/wp\/v2\/posts\/70784","targetHints":{"allow":["GET"]}}],"collection":[{"href":"https:\/\/www.portalalerta.com.br\/index.php\/wp-json\/wp\/v2\/posts"}],"about":[{"href":"https:\/\/www.portalalerta.com.br\/index.php\/wp-json\/wp\/v2\/types\/post"}],"author":[{"embeddable":true,"href":"https:\/\/www.portalalerta.com.br\/index.php\/wp-json\/wp\/v2\/users\/2"}],"replies":[{"embeddable":true,"href":"https:\/\/www.portalalerta.com.br\/index.php\/wp-json\/wp\/v2\/comments?post=70784"}],"version-history":[{"count":1,"href":"https:\/\/www.portalalerta.com.br\/index.php\/wp-json\/wp\/v2\/posts\/70784\/revisions"}],"predecessor-version":[{"id":70785,"href":"https:\/\/www.portalalerta.com.br\/index.php\/wp-json\/wp\/v2\/posts\/70784\/revisions\/70785"}],"wp:featuredmedia":[{"embeddable":true,"href":"https:\/\/www.portalalerta.com.br\/index.php\/wp-json\/wp\/v2\/media\/70783"}],"wp:attachment":[{"href":"https:\/\/www.portalalerta.com.br\/index.php\/wp-json\/wp\/v2\/media?parent=70784"}],"wp:term":[{"taxonomy":"category","embeddable":true,"href":"https:\/\/www.portalalerta.com.br\/index.php\/wp-json\/wp\/v2\/categories?post=70784"},{"taxonomy":"post_tag","embeddable":true,"href":"https:\/\/www.portalalerta.com.br\/index.php\/wp-json\/wp\/v2\/tags?post=70784"}],"curies":[{"name":"wp","href":"https:\/\/api.w.org\/{rel}","templated":true}]}}