{"id":70786,"date":"2025-04-03T06:03:00","date_gmt":"2025-04-03T09:03:00","guid":{"rendered":"https:\/\/www.portalalerta.com.br\/?p=70786"},"modified":"2025-04-02T23:37:05","modified_gmt":"2025-04-03T02:37:05","slug":"pf-indicia-ex-assessor-de-moraes-em-investigacao-sobre-dialogos-do-ministro","status":"publish","type":"post","link":"https:\/\/www.portalalerta.com.br\/index.php\/2025\/04\/03\/pf-indicia-ex-assessor-de-moraes-em-investigacao-sobre-dialogos-do-ministro\/","title":{"rendered":"PF indicia ex-assessor de Moraes em investiga\u00e7\u00e3o sobre di\u00e1logos do ministro"},"content":{"rendered":"\n<p>Inqu\u00e9rito foi aberto em 2024, ap\u00f3s vazarem conversas de Moraes com auxiliares<\/p>\n\n\n\n<!--more-->\n\n\n\n<p>A Pol\u00edcia Federal indiciou Eduardo Tagliaferro, ex-assessor do ministro Alexandre de Moraes no Tribunal Superior Eleitoral (TSE), por viola\u00e7\u00e3o de sigilo funcional com dano \u00e0 administra\u00e7\u00e3o p\u00fablica. O inqu\u00e9rito foi enviado ao Supremo Tribunal Federal (STF) na noite desta ter\u00e7a-feira (1\u00ba). Cabe \u00e0 Procuradoria-Geral da Rep\u00fablica, sob o comando de Paulo Gonet, decidir se denuncia Tagliaferro.<\/p>\n\n\n<div class=\"wp-block-image\">\n<figure class=\"alignleft size-large is-resized\"><img fetchpriority=\"high\" decoding=\"async\" src=\"https:\/\/www.portalalerta.com.br\/wp-content\/uploads\/2024\/12\/Sabino-Carrinho-de-mao-1024x1024.jpeg\" alt=\"\" class=\"wp-image-65525\" width=\"435\" height=\"435\" srcset=\"https:\/\/www.portalalerta.com.br\/wp-content\/uploads\/2024\/12\/Sabino-Carrinho-de-mao-1024x1024.jpeg 1024w, https:\/\/www.portalalerta.com.br\/wp-content\/uploads\/2024\/12\/Sabino-Carrinho-de-mao-240x240.jpeg 240w, https:\/\/www.portalalerta.com.br\/wp-content\/uploads\/2024\/12\/Sabino-Carrinho-de-mao-768x768.jpeg 768w, https:\/\/www.portalalerta.com.br\/wp-content\/uploads\/2024\/12\/Sabino-Carrinho-de-mao.jpeg 1080w\" sizes=\"(max-width: 435px) 100vw, 435px\" \/><\/figure><\/div>\n\n\n<p>O ex-assessor foi investigado pela divulga\u00e7\u00e3o de di\u00e1logos do ministro com servidores do TSE e do STF. Para a Pol\u00edcia Federal, Tagliaferro \u201cpraticou, de forma consciente e volunt\u00e1ria, a viola\u00e7\u00e3o do sigilo funcional \u2013 sendo que ele ocupava fun\u00e7\u00e3o de confian\u00e7a na Assessoria Especial de Enfrentamento \u00e0 Desinforma\u00e7\u00e3o no Tribunal Superior Eleitoral\u201d.<\/p>\n\n\n\n<p>No documento de 21 p\u00e1ginas, a PF reuniu arquivos do celular do ex-assessor para apontar que vazamento ocorreu de forma proposital. A PF afirmou que \u201co di\u00e1logo deixou evidente que Tagliaferro divulgou ao jornalista informa\u00e7\u00f5es que foram obtidas enquanto ele laborava na Assessoria Especial de Enfrentamento \u00e0 Desinforma\u00e7\u00e3o do TSE. Estas informa\u00e7\u00f5es deveriam ser mantidas em sigilo\u201d, diz o relat\u00f3rio.<\/p>\n\n\n\n<p>As mensagens do gabinete de Moraes, reveladas pelo jornal Folha de S.Paulo, se referem ao per\u00edodo de agosto de 2022 a maio de 2023, quando Moraes era tamb\u00e9m presidente do TSE. Entre os interlocutores est\u00e3o Tagliaferro e o juiz instrutor Airton Vieira, do gabinete do ministro no STF.<\/p>\n\n\n\n<p><em>Fonte: Metro 1<\/em><\/p>\n","protected":false},"excerpt":{"rendered":"<p>Inqu\u00e9rito foi aberto em 2024, ap\u00f3s vazarem conversas de Moraes com auxiliares<\/p>\n","protected":false},"author":2,"featured_media":45612,"comment_status":"open","ping_status":"open","sticky":false,"template":"","format":"standard","meta":{"om_disable_all_campaigns":false,"_monsterinsights_skip_tracking":false,"_monsterinsights_sitenote_active":false,"_monsterinsights_sitenote_note":"","_monsterinsights_sitenote_category":0,"footnotes":""},"categories":[34,70,69,21],"tags":[100,1173,71,48,75,4178,4180,129,7923,107,4181,132,230,106,203,120,51,173,109,88,47,111,216,190],"class_list":["post-70786","post","type-post","status-publish","format-standard","has-post-thumbnail","hentry","category-brasil","category-destaques","category-noticias2","category-politica","tag-adustina","tag-alexandre-de-moraes","tag-antas","tag-araci","tag-cicero-dantas","tag-cipo-2","tag-crisopolis-2","tag-euclides-da-cunha","tag-ex-assessor-2","tag-fatima","tag-heliopolis-2","tag-itapicuru","tag-jeremoabo","tag-nova-soure","tag-novo-triunfo","tag-olindina","tag-paripiranga","tag-policia-federal","tag-quijingue","tag-ribeira-do-amparo","tag-ribeira-do-pombal","tag-sitio-do-quinto","tag-stf","tag-tucano"],"aioseo_notices":[],"_links":{"self":[{"href":"https:\/\/www.portalalerta.com.br\/index.php\/wp-json\/wp\/v2\/posts\/70786","targetHints":{"allow":["GET"]}}],"collection":[{"href":"https:\/\/www.portalalerta.com.br\/index.php\/wp-json\/wp\/v2\/posts"}],"about":[{"href":"https:\/\/www.portalalerta.com.br\/index.php\/wp-json\/wp\/v2\/types\/post"}],"author":[{"embeddable":true,"href":"https:\/\/www.portalalerta.com.br\/index.php\/wp-json\/wp\/v2\/users\/2"}],"replies":[{"embeddable":true,"href":"https:\/\/www.portalalerta.com.br\/index.php\/wp-json\/wp\/v2\/comments?post=70786"}],"version-history":[{"count":1,"href":"https:\/\/www.portalalerta.com.br\/index.php\/wp-json\/wp\/v2\/posts\/70786\/revisions"}],"predecessor-version":[{"id":70787,"href":"https:\/\/www.portalalerta.com.br\/index.php\/wp-json\/wp\/v2\/posts\/70786\/revisions\/70787"}],"wp:featuredmedia":[{"embeddable":true,"href":"https:\/\/www.portalalerta.com.br\/index.php\/wp-json\/wp\/v2\/media\/45612"}],"wp:attachment":[{"href":"https:\/\/www.portalalerta.com.br\/index.php\/wp-json\/wp\/v2\/media?parent=70786"}],"wp:term":[{"taxonomy":"category","embeddable":true,"href":"https:\/\/www.portalalerta.com.br\/index.php\/wp-json\/wp\/v2\/categories?post=70786"},{"taxonomy":"post_tag","embeddable":true,"href":"https:\/\/www.portalalerta.com.br\/index.php\/wp-json\/wp\/v2\/tags?post=70786"}],"curies":[{"name":"wp","href":"https:\/\/api.w.org\/{rel}","templated":true}]}}