{"id":70788,"date":"2025-04-03T06:01:00","date_gmt":"2025-04-03T09:01:00","guid":{"rendered":"https:\/\/www.portalalerta.com.br\/?p=70788"},"modified":"2025-04-02T23:41:26","modified_gmt":"2025-04-03T02:41:26","slug":"moraes-determina-prisao-de-leo-indio-apos-parecer-favoravel-da-pgr","status":"publish","type":"post","link":"https:\/\/www.portalalerta.com.br\/index.php\/2025\/04\/03\/moraes-determina-prisao-de-leo-indio-apos-parecer-favoravel-da-pgr\/","title":{"rendered":"Moraes determina pris\u00e3o de L\u00e9o \u00cdndio ap\u00f3s parecer favor\u00e1vel da PGR"},"content":{"rendered":"\n<p><strong>Na semana passada, a defesa dele informou ao STF que ele&nbsp;est\u00e1 na Argentina, mais especificamente em Puerto Iguaz\u00fa, na fronteira<\/strong><\/p>\n\n\n\n<!--more-->\n\n\n\n<p><strong>PGR defende pris\u00e3o preventiva de L\u00e9o \u00cdndio ap\u00f3s ele ir para a ArgentinaReprodu\u00e7\u00e3o\/Record &#8211; Arquivo<\/strong><\/p>\n\n\n\n<p><strong>O ministro Alexandre de Moraes, do STF (Supremo Tribunal Federal), determinou a pris\u00e3o preventiva de&nbsp;<a href=\"https:\/\/noticias.r7.com\/jr-na-tv\/video\/moraes-vota-para-tornar-leo-indio-reu-por-envolvimento-nos-atos-de-8-de-janeiro-21022025\/\">Leonardo Rodrigues de Jesus, o L\u00e9o \u00cdndio<\/a>, primo dos tr\u00eas filhos mais velhos do ex-presidente Jair Bolsonaro (PL).&nbsp;<a href=\"https:\/\/noticias.r7.com\/brasilia\/defesa-de-leo-indio-diz-ao-stf-que-ele-esta-na-fronteira-da-argentina-com-o-brasil-28032025\/\">Ele fugiu para a Argentina<\/a>&nbsp;ap\u00f3s se tornar r\u00e9u na Corte por tentativa de golpe de Estado.<\/strong><\/p>\n\n\n<div class=\"wp-block-image\">\n<figure class=\"alignleft size-large is-resized\"><img fetchpriority=\"high\" decoding=\"async\" src=\"https:\/\/www.portalalerta.com.br\/wp-content\/uploads\/2024\/04\/autoescola-emprego-1024x1024.jpg\" alt=\"\" class=\"wp-image-55693\" width=\"435\" height=\"435\" srcset=\"https:\/\/www.portalalerta.com.br\/wp-content\/uploads\/2024\/04\/autoescola-emprego-1024x1024.jpg 1024w, https:\/\/www.portalalerta.com.br\/wp-content\/uploads\/2024\/04\/autoescola-emprego-240x240.jpg 240w, https:\/\/www.portalalerta.com.br\/wp-content\/uploads\/2024\/04\/autoescola-emprego-768x768.jpg 768w, https:\/\/www.portalalerta.com.br\/wp-content\/uploads\/2024\/04\/autoescola-emprego.jpg 1080w\" sizes=\"(max-width: 435px) 100vw, 435px\" \/><\/figure><\/div>\n\n\n<p><strong>\u201cVerifica-se que o r\u00e9u demonstrou ampla inten\u00e7\u00e3o de sair do territ\u00f3rio nacional com a finalidade de se evadir do distrito de culpa, uma vez que o acusado tendo plena ci\u00eancia do cancelamento de seu passaporte, deliberadamente fugiu do Brasil, tendo ingressado na Argentina com o documento de identidade\u201d, disse Moraes.<\/strong><\/p>\n\n\n\n<p><strong>O ministro se baseou em manifesta\u00e7\u00e3o do procurador-geral da Rep\u00fablica, Paulo Gonet. Na semana passada, a defesa dele informou ao STF que ele&nbsp;<a href=\"https:\/\/noticias.r7.com\/brasilia\/moraes-manda-advogados-de-leo-indio-explicarem-ida-de-reu-para-a-argentina-27032025\/\">est\u00e1 mesmo na Argentina<\/a>, mais especificamente em Puerto Iguaz\u00fa, na fronteira. O passaporte de L\u00e9o \u00cdndio est\u00e1 apreendido, no entanto, para entrar em pa\u00edses dos Mercosul s\u00f3 \u00e9 necess\u00e1rio o RG.<\/strong><\/p>\n\n\n\n<p><strong>Para Gonet, ao fugir, L\u00e9o \u00cdndio descumpriu medida cautelar alternativa \u00e0 pris\u00e3o e desrespeitou o STF.<\/strong><\/p>\n\n\n\n<p><strong>Em sua defesa pr\u00e9via, o r\u00e9u alegou que n\u00e3o h\u00e1 provas de sua participa\u00e7\u00e3o nos atos de depreda\u00e7\u00e3o do 8 de Janeiro de 2023.<\/strong><\/p>\n\n\n\n<p><strong>\u201cN\u00e3o h\u00e1 testemunhas, n\u00e3o h\u00e1 provas\/imagens de que ele tenha ingressado na sede do Congresso Nacional, de que ele, acusado, tenha estado no interior do Pal\u00e1cio do Planalto, tenha acessado as depend\u00eancias do STF, ou que tenha provocado quaisquer danos ao patrim\u00f4nio da Uni\u00e3o.\u201d<\/strong><\/p>\n\n\n\n<p><strong>Leo \u00cdndio foi acusado por cinco crimes:<\/strong><\/p>\n\n\n\n<ul class=\"wp-block-list\">\n<li><strong>Associa\u00e7\u00e3o criminosa armada;<\/strong><\/li>\n\n\n\n<li><strong>Tentativa de aboli\u00e7\u00e3o violenta do Estado Democr\u00e1tico de Direito;<\/strong><\/li>\n\n\n\n<li><strong>Golpe de Estado;<\/strong><\/li>\n\n\n\n<li><strong>Dano qualificado pela viol\u00eancia e grave amea\u00e7a, contra o patrim\u00f4nio da Uni\u00e3o, com consider\u00e1vel preju\u00edzo para a v\u00edtima;<\/strong><\/li>\n\n\n\n<li><strong>Deteriora\u00e7\u00e3o de patrim\u00f4nio tombado.<\/strong><\/li>\n<\/ul>\n\n\n\n<p><em>Fonte: R7<\/em><\/p>\n","protected":false},"excerpt":{"rendered":"<p>Na semana passada, a defesa dele informou ao STF que ele&nbsp;est\u00e1 na Argentina, mais especificamente em Puerto Iguaz\u00fa, na fronteira<\/p>\n","protected":false},"author":2,"featured_media":70486,"comment_status":"open","ping_status":"open","sticky":false,"template":"","format":"standard","meta":{"om_disable_all_campaigns":false,"_monsterinsights_skip_tracking":false,"_monsterinsights_sitenote_active":false,"_monsterinsights_sitenote_note":"","_monsterinsights_sitenote_category":0,"footnotes":""},"categories":[34,70,69,21],"tags":[100,1173,71,48,75,4178,4180,129,107,4181,132,230,7915,488,106,203,120,51,109,88,47,111,216,190],"class_list":["post-70788","post","type-post","status-publish","format-standard","has-post-thumbnail","hentry","category-brasil","category-destaques","category-noticias2","category-politica","tag-adustina","tag-alexandre-de-moraes","tag-antas","tag-araci","tag-cicero-dantas","tag-cipo-2","tag-crisopolis-2","tag-euclides-da-cunha","tag-fatima","tag-heliopolis-2","tag-itapicuru","tag-jeremoabo","tag-leo-indio","tag-mandado-de-prisao","tag-nova-soure","tag-novo-triunfo","tag-olindina","tag-paripiranga","tag-quijingue","tag-ribeira-do-amparo","tag-ribeira-do-pombal","tag-sitio-do-quinto","tag-stf","tag-tucano"],"aioseo_notices":[],"_links":{"self":[{"href":"https:\/\/www.portalalerta.com.br\/index.php\/wp-json\/wp\/v2\/posts\/70788","targetHints":{"allow":["GET"]}}],"collection":[{"href":"https:\/\/www.portalalerta.com.br\/index.php\/wp-json\/wp\/v2\/posts"}],"about":[{"href":"https:\/\/www.portalalerta.com.br\/index.php\/wp-json\/wp\/v2\/types\/post"}],"author":[{"embeddable":true,"href":"https:\/\/www.portalalerta.com.br\/index.php\/wp-json\/wp\/v2\/users\/2"}],"replies":[{"embeddable":true,"href":"https:\/\/www.portalalerta.com.br\/index.php\/wp-json\/wp\/v2\/comments?post=70788"}],"version-history":[{"count":1,"href":"https:\/\/www.portalalerta.com.br\/index.php\/wp-json\/wp\/v2\/posts\/70788\/revisions"}],"predecessor-version":[{"id":70789,"href":"https:\/\/www.portalalerta.com.br\/index.php\/wp-json\/wp\/v2\/posts\/70788\/revisions\/70789"}],"wp:featuredmedia":[{"embeddable":true,"href":"https:\/\/www.portalalerta.com.br\/index.php\/wp-json\/wp\/v2\/media\/70486"}],"wp:attachment":[{"href":"https:\/\/www.portalalerta.com.br\/index.php\/wp-json\/wp\/v2\/media?parent=70788"}],"wp:term":[{"taxonomy":"category","embeddable":true,"href":"https:\/\/www.portalalerta.com.br\/index.php\/wp-json\/wp\/v2\/categories?post=70788"},{"taxonomy":"post_tag","embeddable":true,"href":"https:\/\/www.portalalerta.com.br\/index.php\/wp-json\/wp\/v2\/tags?post=70788"}],"curies":[{"name":"wp","href":"https:\/\/api.w.org\/{rel}","templated":true}]}}