{"id":70847,"date":"2025-04-03T19:14:56","date_gmt":"2025-04-03T22:14:56","guid":{"rendered":"https:\/\/www.portalalerta.com.br\/?p=70847"},"modified":"2025-04-03T19:14:57","modified_gmt":"2025-04-03T22:14:57","slug":"reurb-ribeira-do-pombal-inicia-recadastramento-imobiliario-com-tecnologia-georreferenciada","status":"publish","type":"post","link":"https:\/\/www.portalalerta.com.br\/index.php\/2025\/04\/03\/reurb-ribeira-do-pombal-inicia-recadastramento-imobiliario-com-tecnologia-georreferenciada\/","title":{"rendered":"REURB \u2013 Ribeira do Pombal inicia recadastramento imobili\u00e1rio com tecnologia georreferenciada"},"content":{"rendered":"\n<p>Municipio sai na frente e se torna a primeira cidade da regi\u00e3o a realizar a REURB<\/p>\n\n\n\n<!--more-->\n\n\n\n<p>A Prefeitura de Ribeira do Pombal deu in\u00edcio ao maior processo de regulariza\u00e7\u00e3o fundi\u00e1ria da hist\u00f3ria do munic\u00edpio. Trata-se da REURB (Regulariza\u00e7\u00e3o Fundi\u00e1ria Urbana), uma iniciativa fundamental para garantir que moradores tenham seguran\u00e7a jur\u00eddica sobre seus im\u00f3veis, assegurando o direito \u00e0 propriedade e facilitando o acesso a financiamentos e servi\u00e7os p\u00fablicos.<\/p>\n\n\n<div class=\"wp-block-image\">\n<figure class=\"alignleft size-large is-resized\"><img fetchpriority=\"high\" decoding=\"async\" src=\"https:\/\/www.portalalerta.com.br\/wp-content\/uploads\/2024\/12\/Sabino-Carrinho-de-mao-1024x1024.jpeg\" alt=\"\" class=\"wp-image-65525\" width=\"395\" height=\"395\" srcset=\"https:\/\/www.portalalerta.com.br\/wp-content\/uploads\/2024\/12\/Sabino-Carrinho-de-mao-1024x1024.jpeg 1024w, https:\/\/www.portalalerta.com.br\/wp-content\/uploads\/2024\/12\/Sabino-Carrinho-de-mao-240x240.jpeg 240w, https:\/\/www.portalalerta.com.br\/wp-content\/uploads\/2024\/12\/Sabino-Carrinho-de-mao-768x768.jpeg 768w, https:\/\/www.portalalerta.com.br\/wp-content\/uploads\/2024\/12\/Sabino-Carrinho-de-mao.jpeg 1080w\" sizes=\"(max-width: 395px) 100vw, 395px\" \/><\/figure><\/div>\n\n\n<p>O processo, que come\u00e7ou nesta segunda-feira, inclui um recadastramento imobili\u00e1rio atualizado e georreferenciado, com imagens a\u00e9reas detalhadas de cada im\u00f3vel e suas medidas. Essa tecnologia permitir\u00e1 um diagn\u00f3stico preciso da ocupa\u00e7\u00e3o urbana, definindo quantos im\u00f3veis existem de fato no munic\u00edpio e sua localiza\u00e7\u00e3o exata.<\/p>\n\n\n\n<p>Al\u00e9m de garantir a posse legal dos im\u00f3veis, a REURB traz in\u00fameros benef\u00edcios para os moradores. Com os t\u00edtulos regularizados, os propriet\u00e1rios poder\u00e3o acessar cr\u00e9dito habitacional, vender ou transferir seus im\u00f3veis de forma segura e, principalmente, ter o reconhecimento oficial de sua moradia. A medida tamb\u00e9m fortalece o planejamento urbano, permitindo que a administra\u00e7\u00e3o municipal direcione investimentos e melhorias com mais precis\u00e3o.<\/p>\n\n\n\n<p>Cl\u00e9cio Fernando, secret\u00e1rio&nbsp; de Administra\u00e7\u00e3o e Finan\u00e7as respons\u00e1vel pelo projeto estima que, dentro de seis meses, os primeiros t\u00edtulos j\u00e1 estejam prontos para entrega aos moradores. A primeira etapa da REURB tem um prazo inicial de 30 dias, com a empresa respons\u00e1vel j\u00e1 atuando em campo para realizar os levantamentos necess\u00e1rios.<\/p>\n\n\n\n<p>Ribeira do Pombal se destaca como a primeira cidade da regi\u00e3o a adotar essa iniciativa, refor\u00e7ando seu compromisso com o desenvolvimento urbano organizado e a valoriza\u00e7\u00e3o dos im\u00f3veis de seus cidad\u00e3os.<\/p>\n\n\n\n<p><em>Fonte: SECOM\/Ribeira do Pombal<\/em><\/p>\n","protected":false},"excerpt":{"rendered":"<p>Municipio sai na frente e se torna a primeira cidade da regi\u00e3o a realizar a REURB<\/p>\n","protected":false},"author":2,"featured_media":70844,"comment_status":"open","ping_status":"open","sticky":false,"template":"","format":"standard","meta":{"om_disable_all_campaigns":false,"_monsterinsights_skip_tracking":false,"_monsterinsights_sitenote_active":false,"_monsterinsights_sitenote_note":"","_monsterinsights_sitenote_category":0,"footnotes":""},"categories":[70,69,32,3],"tags":[100,71,48,75,4178,4180,129,107,4181,132,230,106,203,120,51,109,7830,88,47,111,190],"class_list":["post-70847","post","type-post","status-publish","format-standard","has-post-thumbnail","hentry","category-destaques","category-noticias2","category-regiao","category-ribeira-do-pombal","tag-adustina","tag-antas","tag-araci","tag-cicero-dantas","tag-cipo-2","tag-crisopolis-2","tag-euclides-da-cunha","tag-fatima","tag-heliopolis-2","tag-itapicuru","tag-jeremoabo","tag-nova-soure","tag-novo-triunfo","tag-olindina","tag-paripiranga","tag-quijingue","tag-reurb","tag-ribeira-do-amparo","tag-ribeira-do-pombal","tag-sitio-do-quinto","tag-tucano"],"aioseo_notices":[],"_links":{"self":[{"href":"https:\/\/www.portalalerta.com.br\/index.php\/wp-json\/wp\/v2\/posts\/70847","targetHints":{"allow":["GET"]}}],"collection":[{"href":"https:\/\/www.portalalerta.com.br\/index.php\/wp-json\/wp\/v2\/posts"}],"about":[{"href":"https:\/\/www.portalalerta.com.br\/index.php\/wp-json\/wp\/v2\/types\/post"}],"author":[{"embeddable":true,"href":"https:\/\/www.portalalerta.com.br\/index.php\/wp-json\/wp\/v2\/users\/2"}],"replies":[{"embeddable":true,"href":"https:\/\/www.portalalerta.com.br\/index.php\/wp-json\/wp\/v2\/comments?post=70847"}],"version-history":[{"count":2,"href":"https:\/\/www.portalalerta.com.br\/index.php\/wp-json\/wp\/v2\/posts\/70847\/revisions"}],"predecessor-version":[{"id":70849,"href":"https:\/\/www.portalalerta.com.br\/index.php\/wp-json\/wp\/v2\/posts\/70847\/revisions\/70849"}],"wp:featuredmedia":[{"embeddable":true,"href":"https:\/\/www.portalalerta.com.br\/index.php\/wp-json\/wp\/v2\/media\/70844"}],"wp:attachment":[{"href":"https:\/\/www.portalalerta.com.br\/index.php\/wp-json\/wp\/v2\/media?parent=70847"}],"wp:term":[{"taxonomy":"category","embeddable":true,"href":"https:\/\/www.portalalerta.com.br\/index.php\/wp-json\/wp\/v2\/categories?post=70847"},{"taxonomy":"post_tag","embeddable":true,"href":"https:\/\/www.portalalerta.com.br\/index.php\/wp-json\/wp\/v2\/tags?post=70847"}],"curies":[{"name":"wp","href":"https:\/\/api.w.org\/{rel}","templated":true}]}}