{"id":70850,"date":"2025-04-03T19:17:24","date_gmt":"2025-04-03T22:17:24","guid":{"rendered":"https:\/\/www.portalalerta.com.br\/?p=70850"},"modified":"2025-04-03T19:17:25","modified_gmt":"2025-04-03T22:17:25","slug":"dolar-despenca-a-r-563-e-ibovespa-fecha-estavel-apos-tarifas-de-trump","status":"publish","type":"post","link":"https:\/\/www.portalalerta.com.br\/index.php\/2025\/04\/03\/dolar-despenca-a-r-563-e-ibovespa-fecha-estavel-apos-tarifas-de-trump\/","title":{"rendered":"D\u00f3lar despenca a R$ 5,63 e Ibovespa fecha est\u00e1vel ap\u00f3s tarifas de Trump"},"content":{"rendered":"\n<p>Bolsas da Europa encerraram o dia em forte queda com temor da pol\u00edtica comercial dos EUA<\/p>\n\n\n\n<!--more-->\n\n\n\n<p>O&nbsp;d\u00f3lar&nbsp;fechou as negocia\u00e7\u00f5es desta quinta-feira (3) em&nbsp;baixa&nbsp;ante o real, acompanhando as perdas amplas da moeda norte-americana no exterior, \u00e0 medida que os&nbsp;investidores&nbsp;reagiam ao an\u00fancio na v\u00e9spera de novas&nbsp;tarifas&nbsp;pelo presidente dos&nbsp;Estados Unidos, Donald Trump, que elevavam os temores de uma recess\u00e3o global.<\/p>\n\n\n\n<p>No fim da sess\u00e3o, a moeda norte-americana registrou baixa de 1,18%, a R$ 5,6290 na venda \u2013 menor cota\u00e7\u00e3o de fechamento desde 16 de outubro do ano passado, quando encerrou em R$5,6226. No ano a divisa acumula queda de 8,90% ante o real.<\/p>\n\n\n\n<p>Na quarta-feira (2),&nbsp;<a href=\"https:\/\/www.cnnbrasil.com.br\/economia\/mercado\/mercado-financeiro-ibovespa-dolar-2-abril-2025\/\">o d\u00f3lar \u00e0 vista fechou em alta de 0,23%, a R$ 5,6963<\/a>.<\/p>\n\n\n\n<p>O Ibovespa, refer\u00eancia do mercado acion\u00e1rio brasileiro, fechou pr\u00f3ximo da estabilidade, com queda de 0,04%, a&nbsp;131.140,65&nbsp;pontos.<\/p>\n\n\n\n<p>Acompanhando o cen\u00e1rio negativo, os principais \u00edndices de&nbsp;Wall Street&nbsp;tamb\u00e9m registraram perdas nesta quinta. O Dow Jones caiu 4,01%, o S&amp;P 500 perde 4,9% e o Nasdaq Composite afundou 5,9%.<\/p>\n\n\n\n<p>Ap\u00f3s v\u00e1rias sess\u00f5es pautadas pela expectativa com o an\u00fancio de Trump em 2 de abril, que ele vinha classificando como \u201cDia da Liberta\u00e7\u00e3o\u201d, os mercados demonstravam enorme avers\u00e3o ao risco nesta quinta, j\u00e1 que as medidas apresentadas pelo presidente foram mais agressivas do que muitos esperavam.<\/p>\n\n\n\n<p>Trump&nbsp;disse&nbsp;na \u00faltima quarta-feira (2) que vai impor uma tarifa b\u00e1sica de 10% sobre todas as importa\u00e7\u00f5es para os EUA e taxas mais altas sobre alguns dos maiores parceiros comerciais do pa\u00eds, em uma medida que intensifica a guerra comercial iniciada por ele em seu retorno \u00e0 Casa Branca.<\/p>\n\n\n\n<p>As importa\u00e7\u00f5es chinesas ser\u00e3o afetadas por uma tarifa de 34%, al\u00e9m dos 20% impostos anteriormente, elevando o novo imposto total para 54%. A Uni\u00e3o Europeia, por sua vez, enfrentar\u00e1 uma tarifa de 20% e o Jap\u00e3o ser\u00e1 alvo de uma taxa de 24%. O&nbsp;<a href=\"https:\/\/www.cnnbrasil.com.br\/economia\/macroeconomia\/trump-confirma-tarifa-reciproca-de-10-para-o-brasil\/\">Brasil recebeu uma tarifa de 10%<\/a>.<\/p>\n\n\n\n<p>A tarifa universal de 10%, que exclui determinados produtos, entrar\u00e1 em vigor em 5 de abril, enquanto as taxas rec\u00edprocas mais altas para parceiros ser\u00e3o implementadas em 9 de abril. A China e a UE prometeram responder com medidas retaliat\u00f3rias.<\/p>\n\n\n\n<p>A grande preocupa\u00e7\u00e3o dos analistas, como vem sendo apontado desde a vit\u00f3ria eleitoral de Trump, \u00e9 de que as tarifas elevem os pre\u00e7os de diversas mercadorias e afetem a atividade econ\u00f4mica, provocando um cen\u00e1rio de \u201cestagfla\u00e7\u00e3o\u201d.<\/p>\n\n\n\n<p>Com o an\u00fancio de Trump, investidores temiam pela concretiza\u00e7\u00e3o de tal cen\u00e1rio, o que impulsionava a busca por ativos seguros, como o ouro e os t\u00edtulos do Tesouro dos EUA.<\/p>\n\n\n\n<p>\u201cOs an\u00fancios de Trump atingiram o limite pessimista das expectativas do mercado, elevando a taxa m\u00e9dia de tarifas para mais de 20% \u2014 de apenas 2,5% antes de Trump assumir o cargo \u2014 a mais alta desde o in\u00edcio do s\u00e9culo XX\u201d, escreveu Roman Ziruk, analista s\u00eanior de mercado do Ebury, em nota.<\/p>\n\n\n\n<p>\u201cEmbora isso marque uma mudan\u00e7a hist\u00f3rica nos EUA, as tarifas elevadas s\u00e3o vistas como um teto \u2014 sujeitas a negocia\u00e7\u00e3o, a menos que haja retalia\u00e7\u00e3o\u201d, completou.<\/p>\n\n\n\n<p>Operadores tamb\u00e9m elevaram as apostas de cortes na taxa de juros pelo Federal Reserve, precificando totalmente tr\u00eas redu\u00e7\u00f5es at\u00e9 o fim deste ano e uma pequena chance de um quarto corte, devido aos temores de recess\u00e3o na maior economia do mundo.<\/p>\n\n\n\n<p>Com os rendimentos dos Treasuries despencando, em meio a forte demanda pelos t\u00edtulos e a novas apostas sobre o Fed, a divisa dos EUA recuava de forma acentuada ante seus pares.<\/p>\n\n\n\n<p>Para o Brasil e seus pares emergentes, o cen\u00e1rio significava ainda um diferencial de juros mais interessante para investidores estrangeiros, o que impulsionava o real, o peso mexicano e o peso chileno.<\/p>\n\n\n\n<p>Na cena dom\u00e9stica, investidores est\u00e3o atentos \u00e0 resposta do governo brasileiro \u00e0s tarifas de Trump. Na quarta, o Executivo&nbsp;lamentou&nbsp;a tarifa adicional sobre os produtos do Brasil, acrescentando que avalia todas as possibilidades de resposta, incluindo um recurso \u00e0 Organiza\u00e7\u00e3o Mundial de Com\u00e9rcio (OMC).<\/p>\n\n\n\n<p>Enquanto isso, a C\u00e2mara dos Deputados&nbsp;aprovou, em resposta ao tarifa\u00e7o de Trump, um projeto que estabelece crit\u00e9rios para a rea\u00e7\u00e3o do Brasil a barreiras e imposi\u00e7\u00f5es comerciais de na\u00e7\u00f5es ou blocos econ\u00f4micos contra produtos nacionais.<\/p>\n\n\n\n<p><strong>Bolsas caem<\/strong><\/p>\n\n\n\n<p>Os&nbsp;<a href=\"https:\/\/www.cnnbrasil.com.br\/economia\/macroeconomia\/bolsas-caem-ao-redor-do-mundo-apos-trump-anunciar-tarifas\/\">mercados de a\u00e7\u00f5es na \u00c1sia-Pac\u00edfico e na Europa ca\u00edram nesta quinta-feira (3)<\/a>&nbsp;e os mercados dos EUA seguiram a mesma tend\u00eancia depois que o presidente dos EUA, Donald Trump, anunciou novas tarifas sobre parceiros comerciais ao redor do mundo.<\/p>\n\n\n\n<p>O \u00edndice de refer\u00eancia Nikkei 225 do Jap\u00e3o fechou com queda de 2,8%, enquanto o \u00edndice Kospi da Coreia do Sul fechou com queda de menos de 1%.<\/p>\n\n\n\n<p>O \u00edndice de refer\u00eancia Hang Seng de Hong Kong fechou em queda de 1,5%.<\/p>\n\n\n\n<p>Na Europa, o \u00edndice de refer\u00eancia europeu STOXX 600 fechou em queda de 2,57%, apagando os ganhos do indicador desde janeiro. O CAC da Fran\u00e7a caiu 3,31%, sua maior queda em um \u00fanico dia desde julho de 2023 e o DAX da Alemanha caiu 3%.<\/p>\n\n\n\n<p>O \u00edndice de refer\u00eancia da It\u00e1lia caiu 3,6%, sua maior queda em um \u00fanico dia desde mar\u00e7o de 2023.<\/p>\n\n\n\n<p>\u201cAn\u00fancio de tarifa muito mais draconiano do que o esperado\u201d, disse Sam Stovall, estrategista-chefe de investimentos da CFRA Research, em um e-mail. \u201cA\u00e7\u00f5es em queda livre devido ao impacto inflacion\u00e1rio esperado dessas tarifas.\u201d<\/p>\n\n\n\n<p><em>Fonte: CNN<\/em><\/p>\n","protected":false},"excerpt":{"rendered":"<p>Bolsas da Europa encerraram o dia em forte queda com temor da pol\u00edtica comercial dos EUA<\/p>\n","protected":false},"author":2,"featured_media":33189,"comment_status":"open","ping_status":"open","sticky":false,"template":"","format":"standard","meta":{"om_disable_all_campaigns":false,"_monsterinsights_skip_tracking":false,"_monsterinsights_sitenote_active":false,"_monsterinsights_sitenote_note":"","_monsterinsights_sitenote_category":0,"footnotes":""},"categories":[34,70,35,69,21],"tags":[100,71,48,93,75,4178,4180,2078,327,129,107,4181,4264,132,230,339,106,203,120,51,109,88,47,111,190],"class_list":["post-70850","post","type-post","status-publish","format-standard","has-post-thumbnail","hentry","category-brasil","category-destaques","category-mundo","category-noticias2","category-politica","tag-adustina","tag-antas","tag-araci","tag-brasil","tag-cicero-dantas","tag-cipo-2","tag-crisopolis-2","tag-dolar","tag-eua","tag-euclides-da-cunha","tag-fatima","tag-heliopolis-2","tag-ibovespa","tag-itapicuru","tag-jeremoabo","tag-mundo","tag-nova-soure","tag-novo-triunfo","tag-olindina","tag-paripiranga","tag-quijingue","tag-ribeira-do-amparo","tag-ribeira-do-pombal","tag-sitio-do-quinto","tag-tucano"],"aioseo_notices":[],"_links":{"self":[{"href":"https:\/\/www.portalalerta.com.br\/index.php\/wp-json\/wp\/v2\/posts\/70850","targetHints":{"allow":["GET"]}}],"collection":[{"href":"https:\/\/www.portalalerta.com.br\/index.php\/wp-json\/wp\/v2\/posts"}],"about":[{"href":"https:\/\/www.portalalerta.com.br\/index.php\/wp-json\/wp\/v2\/types\/post"}],"author":[{"embeddable":true,"href":"https:\/\/www.portalalerta.com.br\/index.php\/wp-json\/wp\/v2\/users\/2"}],"replies":[{"embeddable":true,"href":"https:\/\/www.portalalerta.com.br\/index.php\/wp-json\/wp\/v2\/comments?post=70850"}],"version-history":[{"count":1,"href":"https:\/\/www.portalalerta.com.br\/index.php\/wp-json\/wp\/v2\/posts\/70850\/revisions"}],"predecessor-version":[{"id":70851,"href":"https:\/\/www.portalalerta.com.br\/index.php\/wp-json\/wp\/v2\/posts\/70850\/revisions\/70851"}],"wp:featuredmedia":[{"embeddable":true,"href":"https:\/\/www.portalalerta.com.br\/index.php\/wp-json\/wp\/v2\/media\/33189"}],"wp:attachment":[{"href":"https:\/\/www.portalalerta.com.br\/index.php\/wp-json\/wp\/v2\/media?parent=70850"}],"wp:term":[{"taxonomy":"category","embeddable":true,"href":"https:\/\/www.portalalerta.com.br\/index.php\/wp-json\/wp\/v2\/categories?post=70850"},{"taxonomy":"post_tag","embeddable":true,"href":"https:\/\/www.portalalerta.com.br\/index.php\/wp-json\/wp\/v2\/tags?post=70850"}],"curies":[{"name":"wp","href":"https:\/\/api.w.org\/{rel}","templated":true}]}}