{"id":71,"date":"2017-10-17T14:36:50","date_gmt":"2017-10-17T16:36:50","guid":{"rendered":"http:\/\/www.portalalerta.com.br\/?p=71"},"modified":"2017-10-17T14:36:50","modified_gmt":"2017-10-17T16:36:50","slug":"ribeira-do-pombal-escola-rui-barbosa-realiza-desfile-pela-causa-da-educacao-com-inclusao","status":"publish","type":"post","link":"https:\/\/www.portalalerta.com.br\/index.php\/2017\/10\/17\/ribeira-do-pombal-escola-rui-barbosa-realiza-desfile-pela-causa-da-educacao-com-inclusao\/","title":{"rendered":"RIBEIRA DO POMBAL: ESCOLA RUI BARBOSA REALIZA DESFILE PELA CAUSA DA EDUCA\u00c7\u00c3O COM INCLUS\u00c3O"},"content":{"rendered":"<div class=\"itemIntroText\">\n<p><img fetchpriority=\"high\" decoding=\"async\" class=\"size-full wp-image-72 alignleft\" src=\"http:\/\/www.portalalerta.com.br\/wp-content\/uploads\/2017\/10\/educacaocominclusaon.jpg\" alt=\"\" width=\"500\" height=\"300\" srcset=\"https:\/\/www.portalalerta.com.br\/wp-content\/uploads\/2017\/10\/educacaocominclusaon.jpg 200w, https:\/\/www.portalalerta.com.br\/wp-content\/uploads\/2017\/10\/educacaocominclusaon-50x30.jpg 50w, https:\/\/www.portalalerta.com.br\/wp-content\/uploads\/2017\/10\/educacaocominclusaon-125x75.jpg 125w\" sizes=\"(max-width: 500px) 100vw, 500px\" \/>Todo o corpo da Escola Municipal Rui Barbosa participou na \u00faltima quarta-feira, 11, do desfile pelas principais ruas de Ribeira do Pombal, chamando a aten\u00e7\u00e3o sobre a quest\u00e3o da inclus\u00e3o na escola p\u00fablica e apresentando seu trabalho, voltado para a educa\u00e7\u00e3o com inclus\u00e3o.<\/p>\n<\/div>\n<div class=\"itemFullText\">\n<p><img decoding=\"async\" src=\"http:\/\/pombalalerta.com.br\/images\/protege.jpg\" border=\"0\" \/>Sob o tema \u201csomos iguais na diferen\u00e7a\u201d funcion\u00e1rios, professores e os alunos especiais e regulares desfilaram com cartazes, faixas, camisas tem\u00e1ticas e palavras de ordem informando \u00e0 sociedade o que significa educa\u00e7\u00e3o com inclus\u00e3o. \u201cSomos uma escola convencional, mas nos distinguimos porque respeitamos as diferen\u00e7as\u201d, diziam os professores durante a caminhada.<\/p>\n<p><img decoding=\"async\" src=\"http:\/\/pombalalerta.com.br\/images\/educacaocominclusaon1.jpg\" border=\"0\" \/>A Secret\u00e1ria de Educa\u00e7\u00e3o, professora Nair Tatiane, falou sobre o evento. Para ela trata-se de \u201cuma escola que tem um ensino de excelente qualidade, o que a torna bastante renomada, pois embora tenha o ensino regular, se destaca no atendimento aos alunos com necessidades educacionais especiais\u201d. Foi a primeira vez que a escola realizou o desfile, que foi comemorado por todos como um sucesso absoluto.<\/p>\n<p><em>Fonte: Secom\/ Ribeira do Pombal\u00a0<\/em><\/p>\n<\/div>\n","protected":false},"excerpt":{"rendered":"<p>Todo o corpo da Escola Municipal Rui Barbosa participou na \u00faltima quarta-feira, 11, do desfile pelas principais ruas de Ribeira do Pombal, chamando a aten\u00e7\u00e3o sobre a quest\u00e3o da inclus\u00e3o na escola p\u00fablica e apresentando seu trabalho, voltado para a educa\u00e7\u00e3o com inclus\u00e3o. Sob o tema \u201csomos iguais na diferen\u00e7a\u201d funcion\u00e1rios, professores e os alunos &hellip;<\/p>\n","protected":false},"author":1,"featured_media":72,"comment_status":"open","ping_status":"open","sticky":false,"template":"","format":"standard","meta":{"om_disable_all_campaigns":false,"_monsterinsights_skip_tracking":false,"_monsterinsights_sitenote_active":false,"_monsterinsights_sitenote_note":"","_monsterinsights_sitenote_category":0,"footnotes":""},"categories":[3],"tags":[],"class_list":["post-71","post","type-post","status-publish","format-standard","has-post-thumbnail","hentry","category-ribeira-do-pombal"],"aioseo_notices":[],"_links":{"self":[{"href":"https:\/\/www.portalalerta.com.br\/index.php\/wp-json\/wp\/v2\/posts\/71","targetHints":{"allow":["GET"]}}],"collection":[{"href":"https:\/\/www.portalalerta.com.br\/index.php\/wp-json\/wp\/v2\/posts"}],"about":[{"href":"https:\/\/www.portalalerta.com.br\/index.php\/wp-json\/wp\/v2\/types\/post"}],"author":[{"embeddable":true,"href":"https:\/\/www.portalalerta.com.br\/index.php\/wp-json\/wp\/v2\/users\/1"}],"replies":[{"embeddable":true,"href":"https:\/\/www.portalalerta.com.br\/index.php\/wp-json\/wp\/v2\/comments?post=71"}],"version-history":[{"count":0,"href":"https:\/\/www.portalalerta.com.br\/index.php\/wp-json\/wp\/v2\/posts\/71\/revisions"}],"wp:featuredmedia":[{"embeddable":true,"href":"https:\/\/www.portalalerta.com.br\/index.php\/wp-json\/wp\/v2\/media\/72"}],"wp:attachment":[{"href":"https:\/\/www.portalalerta.com.br\/index.php\/wp-json\/wp\/v2\/media?parent=71"}],"wp:term":[{"taxonomy":"category","embeddable":true,"href":"https:\/\/www.portalalerta.com.br\/index.php\/wp-json\/wp\/v2\/categories?post=71"},{"taxonomy":"post_tag","embeddable":true,"href":"https:\/\/www.portalalerta.com.br\/index.php\/wp-json\/wp\/v2\/tags?post=71"}],"curies":[{"name":"wp","href":"https:\/\/api.w.org\/{rel}","templated":true}]}}