{"id":71059,"date":"2025-04-09T23:15:00","date_gmt":"2025-04-10T02:15:00","guid":{"rendered":"https:\/\/www.portalalerta.com.br\/?p=71059"},"modified":"2025-04-09T23:15:02","modified_gmt":"2025-04-10T02:15:02","slug":"tudo-que-fizer-conosco-havera-reciprocidade-diz-lula-sobre-tarifas","status":"publish","type":"post","link":"https:\/\/www.portalalerta.com.br\/index.php\/2025\/04\/09\/tudo-que-fizer-conosco-havera-reciprocidade-diz-lula-sobre-tarifas\/","title":{"rendered":"\u201cTudo que fizer conosco, haver\u00e1 reciprocidade\u201d, diz Lula sobre tarifas"},"content":{"rendered":"\n<p>Mandat\u00e1rio frisou que ainda n\u00e3o h\u00e1 medida concreta para retaliar e defendeu di\u00e1logo para solucionar situa\u00e7\u00e3o<\/p>\n\n\n\n<!--more-->\n\n\n\n<p>O presidente da Rep\u00fablica,&nbsp;Luiz In\u00e1cio Lula da Silva (PT), disse nesta quarta-feira (9) que a decis\u00e3o do governo federal sobre como reagir \u00e0s tarifas do presidente dos Estados Unidos, Donald Trump, \u00e9: \u201cTudo que fizer conosco, haver\u00e1 reciprocidade\u201d.<\/p>\n\n\n\n<p>\u201cOu n\u00f3s vamos para a Organiza\u00e7\u00e3o Mundial do Com\u00e9rcio brigar, onde \u00e9 o direito da gente brigar, ou a gente vai dar a reciprocidade, \u00e9 o m\u00ednimo que se espera de um pa\u00eds que tenha dignidade e soberania\u201d, afirmou&nbsp;<a href=\"https:\/\/www.cnnbrasil.com.br\/politica\/lula-viaja-a-honduras-nesta-terca-8-para-cupula-da-celac\/\">Lula ap\u00f3s participa\u00e7\u00e3o na c\u00fapula da Comunidade de Estados Latino-Americanos e Caribenhos (Celac)<\/a>.<\/p>\n\n\n\n<p>O mandat\u00e1rio, por\u00e9m, frisou que ainda n\u00e3o h\u00e1 medida concreta para retaliar, e enfatizou que \u201cn\u00f3s vamos utilizar todas as palavras de negocia\u00e7\u00e3o que o dicion\u00e1rio permitir\u201d.<\/p>\n\n\n\n<p>\u201cO Brasil \u00e9 um pa\u00eds que n\u00e3o tem contencioso, n\u00e3o queremos contencioso, n\u00e3o queremos brigar. [\u2026] Tudo no Brasil \u00e9 feito na base da conversa, na base de uma medida de negocia\u00e7\u00e3o\u201d, ressaltou.<\/p>\n\n\n\n<p>Ao ser questionado se o Brasil estaria discutindo com a presidente do M\u00e9xico, Cl\u00e1udia Sheinbaum, uma aproxima\u00e7\u00e3o entre os pa\u00edses em meio \u00e0 tens\u00e3o comercial, Lula disse que o estreitamento do la\u00e7o j\u00e1 era tratado com a gest\u00e3o mexicana anterior, tendo em vista o fortalecimento da Am\u00e9rica Latina.<\/p>\n\n\n\n<p>Lula tamb\u00e9m refor\u00e7ou que \u201cningu\u00e9m quer que um ou outro abra m\u00e3o da sua rela\u00e7\u00e3o com os Estados Unidos\u201d.<\/p>\n\n\n\n<p>No dia 2 de abril \u2014 data a qual Trump vinha se referindo como \u201cDia da Liberta\u00e7\u00e3o\u201d \u2013,&nbsp;<a href=\"https:\/\/www.cnnbrasil.com.br\/economia\/macroeconomia\/tarifas-de-trump-126-paises-ficam-com-taxa-minima-de-10-veja-lista\/\">os EUA anunciaram uma s\u00e9rie de \u201ctarifas rec\u00edprocas\u201d<\/a>&nbsp;a seus parceiros comerciais,&nbsp;<a href=\"https:\/\/www.cnnbrasil.com.br\/economia\/macroeconomia\/trump-confirma-tarifa-reciproca-de-10-para-o-brasil\/\">sendo o Brasil atingido pela taxa m\u00ednima de 10%<\/a>.<\/p>\n\n\n\n<p>Nesta quarta-feira (9), o republicano decidiu adiar a aplica\u00e7\u00e3o de tarifas maiores que o piso, de modo que todos seriam seus produtos taxados igualmente em 10%.<\/p>\n\n\n\n<p>A China foi a \u00fanica na\u00e7\u00e3o que n\u00e3o foi poupada. O contr\u00e1rio,&nbsp;<a href=\"https:\/\/www.cnnbrasil.com.br\/economia\/macroeconomia\/trump-limita-tarifas-reciprocas-em-10-por-90-dias-china-tem-taxa-de-125\/\">Trump anunciou que vai sobretaxar as importa\u00e7\u00f5es do pa\u00eds asi\u00e1tico em 125%<\/a>.<\/p>\n\n\n\n<p>Lula afirmou que a preocupa\u00e7\u00e3o do momento \u00e9 em rela\u00e7\u00e3o \u00e0s \u201cdecis\u00f5es unilaterais do presidente dos Estados Unidos\u201d, e apontou que estaria cada vez mais evidente de que o imbr\u00f3glio comercial se trata de \u201cuma briga pessoal com a China\u201d.<\/p>\n\n\n\n<p>\u201cCada dia ele anuncia uma medida, cada dia ele fala uma coisa. Ou seja, n\u00f3s n\u00e3o sabemos qual ser\u00e1 o efeito devastador disso na economia. Inclusive na pr\u00f3pria economia americana, ningu\u00e9m pode dizer que vai ser bom ou que vai ser ruim. Porque \u00e9 preciso saber quanto vai custar isso do ponto de vista do pre\u00e7o dos produtos, do ponto de vista da rela\u00e7\u00e3o multilateral\u201d, pontuou o presidente da Rep\u00fablica.<\/p>\n\n\n\n<p>Lula voltou a defender a aproxima\u00e7\u00e3o entre as na\u00e7\u00f5es, avaliando o multilateralismo como \u201cmuito importante para a tranquilidade econ\u00f4mica que o mundo precisa\u201d.<\/p>\n\n\n\n<p>\u201cE \u00e9 muito importante que as pessoas entendam que n\u00e3o \u00e9 aceit\u00e1vel a hegemonia de um pa\u00eds. [\u2026] \u00c9 importante que todo mundo tenha sua soberania respeitada, tenha suas decis\u00f5es levadas em conta. E que a melhor forma de voc\u00ea fazer um bom acordo \u00e9 sentar numa mesa de negocia\u00e7\u00e3o, sem hegemonismo. Sem prepot\u00eancia, sem arrog\u00e2ncia\u201d, concluiu.<\/p>\n\n\n\n<p><em>Fonte: CNN<\/em><\/p>\n","protected":false},"excerpt":{"rendered":"<p>Mandat\u00e1rio frisou que ainda n\u00e3o h\u00e1 medida concreta para retaliar e defendeu di\u00e1logo para solucionar situa\u00e7\u00e3o<\/p>\n","protected":false},"author":2,"featured_media":71058,"comment_status":"open","ping_status":"open","sticky":false,"template":"","format":"standard","meta":{"om_disable_all_campaigns":false,"_monsterinsights_skip_tracking":false,"_monsterinsights_sitenote_active":false,"_monsterinsights_sitenote_note":"","_monsterinsights_sitenote_category":0,"footnotes":""},"categories":[34,70,35,69,21],"tags":[100,71,48,93,75,4178,4180,897,327,129,107,4181,132,230,303,106,203,120,51,109,88,47,111,6195,190],"class_list":["post-71059","post","type-post","status-publish","format-standard","has-post-thumbnail","hentry","category-brasil","category-destaques","category-mundo","category-noticias2","category-politica","tag-adustina","tag-antas","tag-araci","tag-brasil","tag-cicero-dantas","tag-cipo-2","tag-crisopolis-2","tag-donald-trump","tag-eua","tag-euclides-da-cunha","tag-fatima","tag-heliopolis-2","tag-itapicuru","tag-jeremoabo","tag-lula","tag-nova-soure","tag-novo-triunfo","tag-olindina","tag-paripiranga","tag-quijingue","tag-ribeira-do-amparo","tag-ribeira-do-pombal","tag-sitio-do-quinto","tag-taxacao","tag-tucano"],"aioseo_notices":[],"_links":{"self":[{"href":"https:\/\/www.portalalerta.com.br\/index.php\/wp-json\/wp\/v2\/posts\/71059","targetHints":{"allow":["GET"]}}],"collection":[{"href":"https:\/\/www.portalalerta.com.br\/index.php\/wp-json\/wp\/v2\/posts"}],"about":[{"href":"https:\/\/www.portalalerta.com.br\/index.php\/wp-json\/wp\/v2\/types\/post"}],"author":[{"embeddable":true,"href":"https:\/\/www.portalalerta.com.br\/index.php\/wp-json\/wp\/v2\/users\/2"}],"replies":[{"embeddable":true,"href":"https:\/\/www.portalalerta.com.br\/index.php\/wp-json\/wp\/v2\/comments?post=71059"}],"version-history":[{"count":1,"href":"https:\/\/www.portalalerta.com.br\/index.php\/wp-json\/wp\/v2\/posts\/71059\/revisions"}],"predecessor-version":[{"id":71060,"href":"https:\/\/www.portalalerta.com.br\/index.php\/wp-json\/wp\/v2\/posts\/71059\/revisions\/71060"}],"wp:featuredmedia":[{"embeddable":true,"href":"https:\/\/www.portalalerta.com.br\/index.php\/wp-json\/wp\/v2\/media\/71058"}],"wp:attachment":[{"href":"https:\/\/www.portalalerta.com.br\/index.php\/wp-json\/wp\/v2\/media?parent=71059"}],"wp:term":[{"taxonomy":"category","embeddable":true,"href":"https:\/\/www.portalalerta.com.br\/index.php\/wp-json\/wp\/v2\/categories?post=71059"},{"taxonomy":"post_tag","embeddable":true,"href":"https:\/\/www.portalalerta.com.br\/index.php\/wp-json\/wp\/v2\/tags?post=71059"}],"curies":[{"name":"wp","href":"https:\/\/api.w.org\/{rel}","templated":true}]}}