{"id":71231,"date":"2025-04-14T23:00:20","date_gmt":"2025-04-15T02:00:20","guid":{"rendered":"https:\/\/www.portalalerta.com.br\/?p=71231"},"modified":"2025-04-14T23:04:55","modified_gmt":"2025-04-15T02:04:55","slug":"historia-cultura-arte-literatura-e-filosofia-marcaram-mais-uma-edicao-do-sarau-do-colegio-leonardo-da-vinci-em-ribeira-do-pombal-ba","status":"publish","type":"post","link":"https:\/\/www.portalalerta.com.br\/index.php\/2025\/04\/14\/historia-cultura-arte-literatura-e-filosofia-marcaram-mais-uma-edicao-do-sarau-do-colegio-leonardo-da-vinci-em-ribeira-do-pombal-ba\/","title":{"rendered":"Hist\u00f3ria, cultura, arte, literatura e filosofia, marcaram mais uma Edi\u00e7\u00e3o do Sarau do Col\u00e9gio Leonardo Da Vinci, em Ribeira do Pombal-BA"},"content":{"rendered":"\n<p>O Col\u00e9gio Leonardo da Vinci mais uma vez conquistou os holofotes da imprensa local e regional com a realiza\u00e7\u00e3o do seu j\u00e1 tradicional Sarau L\u00edtero-filos\u00f3fico e Art\u00edstico, com o tema <strong>\u201cCaminhos da Transforma\u00e7\u00e3o Cultural do Brasil: 1960 a 2025\u201d<\/strong>.<\/p>\n\n\n\n<!--more-->\n\n\n\n<p>O evento encantou o p\u00fablico ao celebrar as diversas express\u00f5es culturais do pa\u00eds, por meio da arte, da literatura e da filosofia.<\/p>\n\n\n\n<p>Realizado na Pra\u00e7a da Juventude, o Sarau se transformou em um verdadeiro espet\u00e1culo a c\u00e9u aberto, fazendo o p\u00fablico mergulhar na hist\u00f3ria do Brasil. A escolha estrat\u00e9gica do local, por sua visibilidade e acessibilidade, revelou um desafio para as pr\u00f3ximas edi\u00e7\u00f5es. Em conversa informal, um dos mantenedores comentou com entusiasmo: <strong><em>\u201cJ\u00e1 estamos preocupados com a escolha do local para o pr\u00f3ximo ano, pois o espa\u00e7o ficou pequeno para a quantidade de espectadores\u201d.<\/em><\/strong><\/p>\n\n\n\n<p>O ponto alto do evento, foi a era Militar, onde os estudantes trouxeram uma abordagem sens\u00edvel e contundente de momentos marcantes da hist\u00f3ria cultural brasileira, apresentado por meio de encena\u00e7\u00f5es, m\u00fasicas, poesias e debates, cap\u00edtulo sombrio da hist\u00f3ria, que trouxe uma reflex\u00e3o sobre a import\u00e2ncia da resist\u00eancia cultural e do poder da arte como forma de enfrentamento e transforma\u00e7\u00e3o social, abordando quest\u00f5es contempor\u00e2neas e celebrando a diversidade que caracteriza o pa\u00eds.<\/p>\n\n\n\n<p>A proposta pedag\u00f3gica do evento foi a de construir uma ponte entre passado e presente, mostrando como as transforma\u00e7\u00f5es culturais moldaram o Brasil e continuam a influenciar nossa identidade.<\/p>\n\n\n\n<p>A repercuss\u00e3o positiva entre pais, comunidade e m\u00eddia demonstra que iniciativas como essas s\u00e3o essenciais para cultivar o pensamento cr\u00edtico e o respeito \u00e0 cultura brasileira em todas as suas fases e transforma\u00e7\u00f5es. Al\u00e9m disso, as reflex\u00f5es dos alunos somadas \u00e0s performances art\u00edsticas e \u00e0 organiza\u00e7\u00e3o impec\u00e1vel, refor\u00e7aram o que j\u00e1 se tornou marca registrada da institui\u00e7\u00e3o: <strong>o Col\u00e9gio Leonardo da Vinci \u00e9, de fato, primeiro lugar em tudo que faz.<\/strong><\/p>\n\n\n\n<p>O sarau deixou um legado de inspira\u00e7\u00e3o, orgulho e reconhecimento. E, diante da grandiosidade alcan\u00e7ada, a expectativa para a pr\u00f3xima edi\u00e7\u00e3o j\u00e1 come\u00e7a a crescer entre os estudantes e comunidade, afinal a emo\u00e7\u00e3o de quem organizou, de quem participou e de quem assistiu, evidenciou o compromisso do Col\u00e9gio com uma forma\u00e7\u00e3o que valoriza o pensamento cr\u00edtico e o respeito \u00e0 liberdade de express\u00e3o.<\/p>\n","protected":false},"excerpt":{"rendered":"<p>O Col\u00e9gio Leonardo da Vinci mais uma vez conquistou os holofotes da imprensa local e regional com a realiza\u00e7\u00e3o do seu j\u00e1 tradicional Sarau L\u00edtero-filos\u00f3fico e Art\u00edstico, com o tema \u201cCaminhos da Transforma\u00e7\u00e3o Cultural do Brasil: 1960 a 2025\u201d.<\/p>\n","protected":false},"author":2,"featured_media":71227,"comment_status":"open","ping_status":"open","sticky":false,"template":"","format":"standard","meta":{"om_disable_all_campaigns":false,"_monsterinsights_skip_tracking":false,"_monsterinsights_sitenote_active":false,"_monsterinsights_sitenote_note":"","_monsterinsights_sitenote_category":0,"footnotes":""},"categories":[70,20,69,32,3],"tags":[100,71,48,964,75,4178,7903,4180,1031,140,129,107,4181,428,132,230,1404,106,203,120,51,109,88,47,1327,111,190],"class_list":["post-71231","post","type-post","status-publish","format-standard","has-post-thumbnail","hentry","category-destaques","category-educacao","category-noticias2","category-regiao","category-ribeira-do-pombal","tag-adustina","tag-antas","tag-araci","tag-arte","tag-cicero-dantas","tag-cipo-2","tag-colegio-leonardo-da-vinci","tag-crisopolis-2","tag-cultura","tag-educacao","tag-euclides-da-cunha","tag-fatima","tag-heliopolis-2","tag-historia","tag-itapicuru","tag-jeremoabo","tag-literatura","tag-nova-soure","tag-novo-triunfo","tag-olindina","tag-paripiranga","tag-quijingue","tag-ribeira-do-amparo","tag-ribeira-do-pombal","tag-sarau","tag-sitio-do-quinto","tag-tucano"],"aioseo_notices":[],"_links":{"self":[{"href":"https:\/\/www.portalalerta.com.br\/index.php\/wp-json\/wp\/v2\/posts\/71231","targetHints":{"allow":["GET"]}}],"collection":[{"href":"https:\/\/www.portalalerta.com.br\/index.php\/wp-json\/wp\/v2\/posts"}],"about":[{"href":"https:\/\/www.portalalerta.com.br\/index.php\/wp-json\/wp\/v2\/types\/post"}],"author":[{"embeddable":true,"href":"https:\/\/www.portalalerta.com.br\/index.php\/wp-json\/wp\/v2\/users\/2"}],"replies":[{"embeddable":true,"href":"https:\/\/www.portalalerta.com.br\/index.php\/wp-json\/wp\/v2\/comments?post=71231"}],"version-history":[{"count":2,"href":"https:\/\/www.portalalerta.com.br\/index.php\/wp-json\/wp\/v2\/posts\/71231\/revisions"}],"predecessor-version":[{"id":71235,"href":"https:\/\/www.portalalerta.com.br\/index.php\/wp-json\/wp\/v2\/posts\/71231\/revisions\/71235"}],"wp:featuredmedia":[{"embeddable":true,"href":"https:\/\/www.portalalerta.com.br\/index.php\/wp-json\/wp\/v2\/media\/71227"}],"wp:attachment":[{"href":"https:\/\/www.portalalerta.com.br\/index.php\/wp-json\/wp\/v2\/media?parent=71231"}],"wp:term":[{"taxonomy":"category","embeddable":true,"href":"https:\/\/www.portalalerta.com.br\/index.php\/wp-json\/wp\/v2\/categories?post=71231"},{"taxonomy":"post_tag","embeddable":true,"href":"https:\/\/www.portalalerta.com.br\/index.php\/wp-json\/wp\/v2\/tags?post=71231"}],"curies":[{"name":"wp","href":"https:\/\/api.w.org\/{rel}","templated":true}]}}