{"id":71466,"date":"2025-04-21T23:33:56","date_gmt":"2025-04-22T02:33:56","guid":{"rendered":"https:\/\/www.portalalerta.com.br\/?p=71466"},"modified":"2025-04-21T23:33:58","modified_gmt":"2025-04-22T02:33:58","slug":"papa-francisco-entenda-como-avc-pode-levar-a-morte","status":"publish","type":"post","link":"https:\/\/www.portalalerta.com.br\/index.php\/2025\/04\/21\/papa-francisco-entenda-como-avc-pode-levar-a-morte\/","title":{"rendered":"Papa Francisco: entenda como AVC pode levar \u00e0 morte"},"content":{"rendered":"\n<p>Saiba mais sobre o quadro apontado como a causa da morte do pont\u00edfice, que faleceu na manh\u00e3 desta segunda-feira (21), aos 88 anos<\/p>\n\n\n\n<!--more-->\n\n\n\n<p>O&nbsp;papa Francisco&nbsp;morreu aos 88 anos ap\u00f3s ter sofrido um acidente vascular cerebral (AVC) e fal\u00eancia card\u00edaca, de acordo com o Vaticano. A informa\u00e7\u00e3o foi divulgada pelo m\u00e9dico do Vaticano, Andrea Arcangeli, em um atestado de \u00f3bito divulgado nesta segunda-feira (21).<\/p>\n\n\n\n<p>O&nbsp;<a href=\"https:\/\/www.cnnbrasil.com.br\/saude\/avc-entenda-causas-riscos-e-a-importancia-do-diagnostico-precoce\/\" target=\"_blank\" rel=\"noreferrer noopener\">AVC<\/a>&nbsp;acontece quando vasos sangu\u00edneos que irrigam o c\u00e9rebro entopem ou se rompem, provocando paralisia da \u00e1rea cerebral que ficou sem circula\u00e7\u00e3o do sangue. Segundo o Minist\u00e9rio da Sa\u00fade, essa \u00e9 uma das principais causas de morte em todo o mundo.<\/p>\n\n\n<div class=\"wp-block-image\">\n<figure class=\"alignleft size-large is-resized\"><img fetchpriority=\"high\" decoding=\"async\" src=\"https:\/\/www.portalalerta.com.br\/wp-content\/uploads\/2024\/12\/Sabino-Carrinho-de-mao-1024x1024.jpeg\" alt=\"\" class=\"wp-image-65525\" width=\"394\" height=\"394\" srcset=\"https:\/\/www.portalalerta.com.br\/wp-content\/uploads\/2024\/12\/Sabino-Carrinho-de-mao-1024x1024.jpeg 1024w, https:\/\/www.portalalerta.com.br\/wp-content\/uploads\/2024\/12\/Sabino-Carrinho-de-mao-240x240.jpeg 240w, https:\/\/www.portalalerta.com.br\/wp-content\/uploads\/2024\/12\/Sabino-Carrinho-de-mao-768x768.jpeg 768w, https:\/\/www.portalalerta.com.br\/wp-content\/uploads\/2024\/12\/Sabino-Carrinho-de-mao.jpeg 1080w\" sizes=\"(max-width: 394px) 100vw, 394px\" \/><\/figure><\/div>\n\n\n<p>Existem dois tipos de AVC: o&nbsp;hemorr\u00e1gico, caracterizado pelo rompimento de um vaso cerebral, provocando hemorragia, e o&nbsp;isqu\u00eamico, que ocorre quando h\u00e1 obstru\u00e7\u00e3o de uma art\u00e9ria, impedindo a passagem de oxig\u00eanio para c\u00e9lulas cerebrais. O AVC isqu\u00eamico \u00e9 o mais comum, representando 85% de todos os casos.<\/p>\n\n\n\n<p>O&nbsp;AVC pode ser fatal quando n\u00e3o \u00e9 tratado rapidamente. Al\u00e9m disso, apesar de menos comum, o tipo hemorr\u00e1gico \u00e9 o mais perigoso e o que representa maior risco \u00e0 vida.<\/p>\n\n\n\n<p>Em&nbsp;<a href=\"https:\/\/www.cnnbrasil.com.br\/saude\/identificar-sintomas-do-avc-reduz-riscos-conheca-metodo-samu\/\" target=\"_blank\" rel=\"noreferrer noopener\">mat\u00e9ria publicada anteriormente na&nbsp;CNN<\/a>, o neurologista Eli Faria Evaristo, da Cl\u00ednica DFV Neuro e da Sociedade Brasileira de AVC, apontou que a r\u00e1pida identifica\u00e7\u00e3o de sintomas e pronto atendimento reduz significativamente o risco de morte.<\/p>\n\n\n\n<p>Para isso, existem m\u00e9todos como o \u201cSAMU\u201d, que consiste em quatro etapas simples:<\/p>\n\n\n\n<ul class=\"wp-block-list\">\n<li>Sorrir (para avaliar se existe falha de movimento);<\/li>\n\n\n\n<li>Abra\u00e7ar (para checar o movimento de bra\u00e7o e se h\u00e1 fraqueza);<\/li>\n\n\n\n<li>M\u00fasica (para ver se a pessoa consegue falar letras completas de forma normal);<\/li>\n\n\n\n<li>Urg\u00eancia (caso haja algum dos tr\u00eas anteriores, procurar atendimento m\u00e9dico).<\/li>\n<\/ul>\n\n\n\n<p>Os sintomas do AVC incluem confus\u00e3o mental, altera\u00e7\u00e3o da fala ou compreens\u00e3o, altera\u00e7\u00e3o na vis\u00e3o (em um ou ambos os olhos), dor de cabe\u00e7a s\u00fabita intensa, altera\u00e7\u00e3o do equil\u00edbrio, coordena\u00e7\u00e3o, tontura ou altera\u00e7\u00e3o no andar, fraqueza ou formigamento em um lado do corpo.<\/p>\n\n\n\n<p>Entre os fatores de risco para o AVC est\u00e3o hipertens\u00e3o, sobrepeso, uso excessivo de \u00e1lcool, obesidade, diabetes tipo 2, idade avan\u00e7ada, hist\u00f3rico familiar, colesterol alto, tabagismo e sedentarismo.<\/p>\n\n\n\n<p>De acordo com Evaristo, os tratamentos apresentam melhores resultados quando aplicados nas primeiras horas do AVC.<\/p>\n\n\n\n<p><em>Fonte: CNN<\/em><\/p>\n","protected":false},"excerpt":{"rendered":"<p>Saiba mais sobre o quadro apontado como a causa da morte do pont\u00edfice, que faleceu na manh\u00e3 desta segunda-feira (21), aos 88 anos<\/p>\n","protected":false},"author":2,"featured_media":9909,"comment_status":"open","ping_status":"open","sticky":false,"template":"","format":"standard","meta":{"om_disable_all_campaigns":false,"_monsterinsights_skip_tracking":false,"_monsterinsights_sitenote_active":false,"_monsterinsights_sitenote_note":"","_monsterinsights_sitenote_category":0,"footnotes":""},"categories":[70,35,69,19],"tags":[100,71,48,75,4178,4180,129,107,4181,132,230,106,203,120,1509,51,109,88,47,111,190],"class_list":["post-71466","post","type-post","status-publish","format-standard","has-post-thumbnail","hentry","category-destaques","category-mundo","category-noticias2","category-saude","tag-adustina","tag-antas","tag-araci","tag-cicero-dantas","tag-cipo-2","tag-crisopolis-2","tag-euclides-da-cunha","tag-fatima","tag-heliopolis-2","tag-itapicuru","tag-jeremoabo","tag-nova-soure","tag-novo-triunfo","tag-olindina","tag-papa-francisco","tag-paripiranga","tag-quijingue","tag-ribeira-do-amparo","tag-ribeira-do-pombal","tag-sitio-do-quinto","tag-tucano"],"aioseo_notices":[],"_links":{"self":[{"href":"https:\/\/www.portalalerta.com.br\/index.php\/wp-json\/wp\/v2\/posts\/71466","targetHints":{"allow":["GET"]}}],"collection":[{"href":"https:\/\/www.portalalerta.com.br\/index.php\/wp-json\/wp\/v2\/posts"}],"about":[{"href":"https:\/\/www.portalalerta.com.br\/index.php\/wp-json\/wp\/v2\/types\/post"}],"author":[{"embeddable":true,"href":"https:\/\/www.portalalerta.com.br\/index.php\/wp-json\/wp\/v2\/users\/2"}],"replies":[{"embeddable":true,"href":"https:\/\/www.portalalerta.com.br\/index.php\/wp-json\/wp\/v2\/comments?post=71466"}],"version-history":[{"count":1,"href":"https:\/\/www.portalalerta.com.br\/index.php\/wp-json\/wp\/v2\/posts\/71466\/revisions"}],"predecessor-version":[{"id":71467,"href":"https:\/\/www.portalalerta.com.br\/index.php\/wp-json\/wp\/v2\/posts\/71466\/revisions\/71467"}],"wp:featuredmedia":[{"embeddable":true,"href":"https:\/\/www.portalalerta.com.br\/index.php\/wp-json\/wp\/v2\/media\/9909"}],"wp:attachment":[{"href":"https:\/\/www.portalalerta.com.br\/index.php\/wp-json\/wp\/v2\/media?parent=71466"}],"wp:term":[{"taxonomy":"category","embeddable":true,"href":"https:\/\/www.portalalerta.com.br\/index.php\/wp-json\/wp\/v2\/categories?post=71466"},{"taxonomy":"post_tag","embeddable":true,"href":"https:\/\/www.portalalerta.com.br\/index.php\/wp-json\/wp\/v2\/tags?post=71466"}],"curies":[{"name":"wp","href":"https:\/\/api.w.org\/{rel}","templated":true}]}}