{"id":71480,"date":"2025-04-22T16:42:20","date_gmt":"2025-04-22T19:42:20","guid":{"rendered":"https:\/\/www.portalalerta.com.br\/?p=71480"},"modified":"2025-04-22T16:42:22","modified_gmt":"2025-04-22T19:42:22","slug":"vaticano-divulga-primeiras-imagens-de-papa-francisco-em-seu-caixao","status":"publish","type":"post","link":"https:\/\/www.portalalerta.com.br\/index.php\/2025\/04\/22\/vaticano-divulga-primeiras-imagens-de-papa-francisco-em-seu-caixao\/","title":{"rendered":"Vaticano divulga primeiras imagens de Papa Francisco em seu caix\u00e3o"},"content":{"rendered":"\n<p>Tamb\u00e9m foram informados os ritos do funeral do Pont\u00edfice.<\/p>\n\n\n\n<!--more-->\n\n\n\n<p>O Vaticano divulgou as primeiras imagens do corpo do Papa Francisco repousando na Capela da Casa Santa Marta, onde est\u00e1 em um caix\u00e3o de madeira.&nbsp;<\/p>\n\n\n\n<p>No dia 23 de abril, o corpo do Papa Francisco ser\u00e1 levado da Casa Santa Marta para a Bas\u00edlica de S\u00e3o Pedro, com um momento de ora\u00e7\u00e3o presidido pelo cardeal Kevin Farrell.<\/p>\n\n\n\n<p>A prociss\u00e3o passar\u00e1 por pontos simb\u00f3licos do Vaticano at\u00e9 chegar \u00e0 Bas\u00edlica, onde ser\u00e1 conduzida uma Liturgia da Palavra e aberta a visita\u00e7\u00e3o \u00e0 urna mortu\u00e1ria.<\/p>\n\n\n\n<p>No s\u00e1bado, 26 de abril, \u00e0s 10h, ser\u00e1 celebrada a Missa das Ex\u00e9quias, marcando o in\u00edcio do Novendiali (nove dias de luto), presidida pelo cardeal Giovanni Battista Re.<\/p>\n\n\n\n<p>Ap\u00f3s os ritos finais de despedida, o caix\u00e3o ser\u00e1 transferido da Bas\u00edlica de S\u00e3o Pedro para a Bas\u00edlica de Santa Maria Maior, onde ocorrer\u00e1 o sepultamento.<\/p>\n\n\n\n<p><em>Fonte: Inforserrinha<\/em><\/p>\n","protected":false},"excerpt":{"rendered":"<p>Tamb\u00e9m foram informados os ritos do funeral do Pont\u00edfice.<\/p>\n","protected":false},"author":2,"featured_media":71472,"comment_status":"open","ping_status":"open","sticky":false,"template":"","format":"standard","meta":{"om_disable_all_campaigns":false,"_monsterinsights_skip_tracking":false,"_monsterinsights_sitenote_active":false,"_monsterinsights_sitenote_note":"","_monsterinsights_sitenote_category":0,"footnotes":""},"categories":[70,35,69],"tags":[100,71,48,75,4178,4180,129,107,4181,132,230,169,106,203,120,1509,51,109,88,47,111,190,2741],"class_list":["post-71480","post","type-post","status-publish","format-standard","has-post-thumbnail","hentry","category-destaques","category-mundo","category-noticias2","tag-adustina","tag-antas","tag-araci","tag-cicero-dantas","tag-cipo-2","tag-crisopolis-2","tag-euclides-da-cunha","tag-fatima","tag-heliopolis-2","tag-itapicuru","tag-jeremoabo","tag-morte","tag-nova-soure","tag-novo-triunfo","tag-olindina","tag-papa-francisco","tag-paripiranga","tag-quijingue","tag-ribeira-do-amparo","tag-ribeira-do-pombal","tag-sitio-do-quinto","tag-tucano","tag-vaticano"],"aioseo_notices":[],"_links":{"self":[{"href":"https:\/\/www.portalalerta.com.br\/index.php\/wp-json\/wp\/v2\/posts\/71480","targetHints":{"allow":["GET"]}}],"collection":[{"href":"https:\/\/www.portalalerta.com.br\/index.php\/wp-json\/wp\/v2\/posts"}],"about":[{"href":"https:\/\/www.portalalerta.com.br\/index.php\/wp-json\/wp\/v2\/types\/post"}],"author":[{"embeddable":true,"href":"https:\/\/www.portalalerta.com.br\/index.php\/wp-json\/wp\/v2\/users\/2"}],"replies":[{"embeddable":true,"href":"https:\/\/www.portalalerta.com.br\/index.php\/wp-json\/wp\/v2\/comments?post=71480"}],"version-history":[{"count":1,"href":"https:\/\/www.portalalerta.com.br\/index.php\/wp-json\/wp\/v2\/posts\/71480\/revisions"}],"predecessor-version":[{"id":71481,"href":"https:\/\/www.portalalerta.com.br\/index.php\/wp-json\/wp\/v2\/posts\/71480\/revisions\/71481"}],"wp:featuredmedia":[{"embeddable":true,"href":"https:\/\/www.portalalerta.com.br\/index.php\/wp-json\/wp\/v2\/media\/71472"}],"wp:attachment":[{"href":"https:\/\/www.portalalerta.com.br\/index.php\/wp-json\/wp\/v2\/media?parent=71480"}],"wp:term":[{"taxonomy":"category","embeddable":true,"href":"https:\/\/www.portalalerta.com.br\/index.php\/wp-json\/wp\/v2\/categories?post=71480"},{"taxonomy":"post_tag","embeddable":true,"href":"https:\/\/www.portalalerta.com.br\/index.php\/wp-json\/wp\/v2\/tags?post=71480"}],"curies":[{"name":"wp","href":"https:\/\/api.w.org\/{rel}","templated":true}]}}