{"id":71487,"date":"2025-04-23T23:15:11","date_gmt":"2025-04-24T02:15:11","guid":{"rendered":"https:\/\/www.portalalerta.com.br\/?p=71487"},"modified":"2025-04-23T23:15:12","modified_gmt":"2025-04-24T02:15:12","slug":"vaticano-pode-ampliar-velorio-do-papa-devido-ao-grande-numero-de-fieis","status":"publish","type":"post","link":"https:\/\/www.portalalerta.com.br\/index.php\/2025\/04\/23\/vaticano-pode-ampliar-velorio-do-papa-devido-ao-grande-numero-de-fieis\/","title":{"rendered":"Vaticano pode ampliar vel\u00f3rio do papa devido ao grande n\u00famero de fi\u00e9is"},"content":{"rendered":"\n<p>Visitas est\u00e3o previstas para terminar na sexta-feira<\/p>\n\n\n\n<!--more-->\n\n\n\n<p>O Vaticano afirmou nesta quarta-feira que pode estender o prazo para que peregrinos visitem o corpo do papa Francisco na Bas\u00edlica de S\u00e3o Pedro at\u00e9 depois da meia-noite em Roma (19h de Bras\u00edlia) devido ao grande n\u00famero de visitantes.<\/p>\n\n\n<div class=\"wp-block-image\">\n<figure class=\"alignleft size-full is-resized\"><img fetchpriority=\"high\" decoding=\"async\" src=\"https:\/\/www.portalalerta.com.br\/wp-content\/uploads\/2025\/01\/Liquida-Verao-Real-2025.jpg\" alt=\"\" class=\"wp-image-68486\" width=\"375\" height=\"469\" srcset=\"https:\/\/www.portalalerta.com.br\/wp-content\/uploads\/2025\/01\/Liquida-Verao-Real-2025.jpg 400w, https:\/\/www.portalalerta.com.br\/wp-content\/uploads\/2025\/01\/Liquida-Verao-Real-2025-192x240.jpg 192w\" sizes=\"(max-width: 375px) 100vw, 375px\" \/><\/figure><\/div>\n\n\n<p>Francisco, que morreu aos 88 anos na segunda-feira, est\u00e1 sendo velado por tr\u00eas dias. O Vaticano havia planejado originalmente encerrar as visitas \u00e0 meia-noite de quarta e quinta-feira e \u00e0s 19 horas de sexta-feira.<\/p>\n\n\n\n<p>A transfer\u00eancia do corpo do papa ocorreu sob um sol quente de primavera em Roma. Multid\u00f5es estavam assistindo da grande esplanada na Pra\u00e7a de S\u00e3o Pedro, em frente \u00e0 bas\u00edlica, enquanto os sinos tocavam suavemente e um coral masculino entoava c\u00e2nticos.<\/p>\n\n\n\n<p>Alguns peregrinos tamb\u00e9m viajaram a Roma para a cerim\u00f4nia esperada para que Francisco proclamasse o primeiro santo da Igreja da gera\u00e7\u00e3o do mil\u00eanio, que deveria ter sido realizada no domingo, mas agora foi adiada indefinidamente.<\/p>\n\n\n\n<p>Francisco, cujo nome de nascimento \u00e9 Jorge Mario Bergoglio, era argentino e foi o primeiro pont\u00edfice cat\u00f3lico do hemisf\u00e9rio ocidental.<\/p>\n\n\n\n<p>Alguns de seus compatriotas argentinos tamb\u00e9m estavam na multid\u00e3o em frente \u00e0 Bas\u00edlica. Francisco deixou sua terra natal em 2013 para se tornar o chefe da Igreja e nunca mais voltou para visit\u00e1-la.<\/p>\n\n\n\n<p><em>Fonte: Ag\u00eancia Brasil<\/em><\/p>\n","protected":false},"excerpt":{"rendered":"<p>Visitas est\u00e3o previstas para terminar na sexta-feira<\/p>\n","protected":false},"author":2,"featured_media":71488,"comment_status":"open","ping_status":"open","sticky":false,"template":"","format":"standard","meta":{"om_disable_all_campaigns":false,"_monsterinsights_skip_tracking":false,"_monsterinsights_sitenote_active":false,"_monsterinsights_sitenote_note":"","_monsterinsights_sitenote_category":0,"footnotes":""},"categories":[70,35,69],"tags":[100,71,48,75,4178,4180,129,107,4181,132,230,339,106,203,120,51,109,88,47,111,190,2741,7951],"class_list":["post-71487","post","type-post","status-publish","format-standard","has-post-thumbnail","hentry","category-destaques","category-mundo","category-noticias2","tag-adustina","tag-antas","tag-araci","tag-cicero-dantas","tag-cipo-2","tag-crisopolis-2","tag-euclides-da-cunha","tag-fatima","tag-heliopolis-2","tag-itapicuru","tag-jeremoabo","tag-mundo","tag-nova-soure","tag-novo-triunfo","tag-olindina","tag-paripiranga","tag-quijingue","tag-ribeira-do-amparo","tag-ribeira-do-pombal","tag-sitio-do-quinto","tag-tucano","tag-vaticano","tag-velorio"],"aioseo_notices":[],"_links":{"self":[{"href":"https:\/\/www.portalalerta.com.br\/index.php\/wp-json\/wp\/v2\/posts\/71487","targetHints":{"allow":["GET"]}}],"collection":[{"href":"https:\/\/www.portalalerta.com.br\/index.php\/wp-json\/wp\/v2\/posts"}],"about":[{"href":"https:\/\/www.portalalerta.com.br\/index.php\/wp-json\/wp\/v2\/types\/post"}],"author":[{"embeddable":true,"href":"https:\/\/www.portalalerta.com.br\/index.php\/wp-json\/wp\/v2\/users\/2"}],"replies":[{"embeddable":true,"href":"https:\/\/www.portalalerta.com.br\/index.php\/wp-json\/wp\/v2\/comments?post=71487"}],"version-history":[{"count":2,"href":"https:\/\/www.portalalerta.com.br\/index.php\/wp-json\/wp\/v2\/posts\/71487\/revisions"}],"predecessor-version":[{"id":71490,"href":"https:\/\/www.portalalerta.com.br\/index.php\/wp-json\/wp\/v2\/posts\/71487\/revisions\/71490"}],"wp:featuredmedia":[{"embeddable":true,"href":"https:\/\/www.portalalerta.com.br\/index.php\/wp-json\/wp\/v2\/media\/71488"}],"wp:attachment":[{"href":"https:\/\/www.portalalerta.com.br\/index.php\/wp-json\/wp\/v2\/media?parent=71487"}],"wp:term":[{"taxonomy":"category","embeddable":true,"href":"https:\/\/www.portalalerta.com.br\/index.php\/wp-json\/wp\/v2\/categories?post=71487"},{"taxonomy":"post_tag","embeddable":true,"href":"https:\/\/www.portalalerta.com.br\/index.php\/wp-json\/wp\/v2\/tags?post=71487"}],"curies":[{"name":"wp","href":"https:\/\/api.w.org\/{rel}","templated":true}]}}