{"id":71506,"date":"2025-04-25T21:34:14","date_gmt":"2025-04-26T00:34:14","guid":{"rendered":"https:\/\/www.portalalerta.com.br\/?p=71506"},"modified":"2025-04-25T21:34:15","modified_gmt":"2025-04-26T00:34:15","slug":"prefeito-bate-o-martelo-micareta-pombal-folia-entra-na-reta-final-com-estrutura-arrojada-e-foco-total-na-seguranca","status":"publish","type":"post","link":"https:\/\/www.portalalerta.com.br\/index.php\/2025\/04\/25\/prefeito-bate-o-martelo-micareta-pombal-folia-entra-na-reta-final-com-estrutura-arrojada-e-foco-total-na-seguranca\/","title":{"rendered":"Prefeito bate o martelo: Micareta Pombal Folia entra na reta final com estrutura arrojada e foco total na seguran\u00e7a"},"content":{"rendered":"\n<p>Ribeira do Pombal, 24 de abril de 2025 \u2014 A 16 dias da Micareta Pombal Folia, o prefeito Erikson Silva reuniu, na tarde desta quinta-feira, a equipe de organiza\u00e7\u00e3o para o ajuste fino dos \u00faltimos detalhes. O encontro \u2014 realizado no gabinete municipal \u2014 tratou de seguran\u00e7a, produ\u00e7\u00e3o, comunica\u00e7\u00e3o e log\u00edstica, consolidando o evento como uma das maiores festas da hist\u00f3ria da cidade.<\/p>\n\n\n\n<!--more-->\n\n\n\n<p>\u201cQueremos um espa\u00e7o de alegria, paz e seguran\u00e7a onde as fam\u00edlias se encontrem e se divirtam\u201d, refor\u00e7ou o prefeito, lembrando que a micareta atrai visitantes de toda a regi\u00e3o e injeta \u00e2nimo extra na economia local.<\/p>\n\n\n\n<p>Estrutura turbinada<\/p>\n\n\n<div class=\"wp-block-image\">\n<figure class=\"alignleft size-large is-resized\"><img fetchpriority=\"high\" decoding=\"async\" src=\"https:\/\/www.portalalerta.com.br\/wp-content\/uploads\/2024\/04\/autoescola-emprego-1024x1024.jpg\" alt=\"\" class=\"wp-image-55693\" width=\"435\" height=\"435\" srcset=\"https:\/\/www.portalalerta.com.br\/wp-content\/uploads\/2024\/04\/autoescola-emprego-1024x1024.jpg 1024w, https:\/\/www.portalalerta.com.br\/wp-content\/uploads\/2024\/04\/autoescola-emprego-240x240.jpg 240w, https:\/\/www.portalalerta.com.br\/wp-content\/uploads\/2024\/04\/autoescola-emprego-768x768.jpg 768w, https:\/\/www.portalalerta.com.br\/wp-content\/uploads\/2024\/04\/autoescola-emprego.jpg 1080w\" sizes=\"(max-width: 435px) 100vw, 435px\" \/><\/figure><\/div>\n\n\n<p>\u2013 Seguran\u00e7a refor\u00e7ada: efetivo policial ampliado, monitoramento por c\u00e2meras e postos de atendimento r\u00e1pido distribu\u00eddos pelo circuito.<\/p>\n\n\n\n<p>\u2013 Trio el\u00e9trico de peso: os melhores do Nordeste, prontos para embalar multid\u00f5es.<\/p>\n\n\n\n<p>\u2013 Backstage eficiente: linhas diretas entre produ\u00e7\u00e3o, imprensa e servi\u00e7os p\u00fablicos para rea\u00e7\u00e3o imediata a qualquer ocorr\u00eancia.<\/p>\n\n\n\n<p>\u2013 Acessibilidade e conforto: rampas, banheiros qu\u00edmicos adaptados e \u00e1reas de descanso sinalizadas.<\/p>\n\n\n\n<p>Economia aquecida<\/p>\n\n\n\n<p>O com\u00e9rcio j\u00e1 sente o impacto positivo da festa. Bares, restaurantes e hot\u00e9is registram reservas antecipadas, enquanto ambulantes finalizam cadastros para atuar regularmente no circuito. A Secretaria de DAdministra\u00e7\u00e3o projeta aumento expressivo no volume de vendas durante o per\u00edodo.<\/p>\n\n\n\n<p>Comunica\u00e7\u00e3o afinada<\/p>\n\n\n\n<p>Nas pr\u00f3ximas dias, v\u00eddeos curtos com cada atra\u00e7\u00e3o confirmada&nbsp; come\u00e7ar\u00e3o a pipocar nas redes sociais oficiais, chamando o p\u00fablico para a contagem regressiva. J\u00e1 h\u00e1 publicidade do evento atraves de cartazes e outdoor nas cidades da regi\u00e3o nas BR\u00b4s at\u00e9 Salvador, a estrat\u00e9gia \u00e9 manter o engajamento alto at\u00e9 a abertura dos port\u00f5es.<\/p>\n\n\n\n<p>Servi\u00e7o<\/p>\n\n\n\n<p>\u2013 Quando? 9, 10 e 11 de maio<\/p>\n\n\n\n<p>\u2013 Onde? Circuito oficial Maria de Artur, centro de Ribeira do Pombal.<\/p>\n\n\n\n<p>\u2013 Atra\u00e7\u00f5es principais: Bell Marques, Psirico, Valneij\u00f3s, Rafa &amp; Pipo, Papazoni, Xanddy Harmonia, entre outros.<\/p>\n\n\n\n<p>\u2013 Acesso gratuito<\/p>\n\n\n\n<p>Prepare o abad\u00e1 e marque no calend\u00e1rio: falta pouco para a capital do semi\u00e1rido se transformar na capital da alegria!<\/p>\n\n\n\n<p><em>Fonte: SECOM\/Ribeira do Pombal<\/em><\/p>\n","protected":false},"excerpt":{"rendered":"<p>Ribeira do Pombal, 24 de abril de 2025 \u2014 A 16 dias da Micareta Pombal Folia, o prefeito Erikson Silva reuniu, na tarde desta quinta-feira, a equipe de organiza\u00e7\u00e3o para o ajuste fino dos \u00faltimos detalhes. O encontro \u2014 realizado no gabinete municipal \u2014 tratou de seguran\u00e7a, produ\u00e7\u00e3o, comunica\u00e7\u00e3o e log\u00edstica, consolidando o evento como &hellip;<\/p>\n","protected":false},"author":2,"featured_media":71503,"comment_status":"open","ping_status":"open","sticky":false,"template":"","format":"standard","meta":{"om_disable_all_campaigns":false,"_monsterinsights_skip_tracking":false,"_monsterinsights_sitenote_active":false,"_monsterinsights_sitenote_note":"","_monsterinsights_sitenote_category":0,"footnotes":""},"categories":[70,36,69,32,3,22],"tags":[100,71,48,75,4178,4180,129,107,4181,132,230,940,106,203,120,51,6031,109,88,47,397,111,190],"class_list":["post-71506","post","type-post","status-publish","format-standard","has-post-thumbnail","hentry","category-destaques","category-lazer","category-noticias2","category-regiao","category-ribeira-do-pombal","category-seguranca","tag-adustina","tag-antas","tag-araci","tag-cicero-dantas","tag-cipo-2","tag-crisopolis-2","tag-euclides-da-cunha","tag-fatima","tag-heliopolis-2","tag-itapicuru","tag-jeremoabo","tag-micareta","tag-nova-soure","tag-novo-triunfo","tag-olindina","tag-paripiranga","tag-pombal-folia","tag-quijingue","tag-ribeira-do-amparo","tag-ribeira-do-pombal","tag-seguranca","tag-sitio-do-quinto","tag-tucano"],"aioseo_notices":[],"_links":{"self":[{"href":"https:\/\/www.portalalerta.com.br\/index.php\/wp-json\/wp\/v2\/posts\/71506","targetHints":{"allow":["GET"]}}],"collection":[{"href":"https:\/\/www.portalalerta.com.br\/index.php\/wp-json\/wp\/v2\/posts"}],"about":[{"href":"https:\/\/www.portalalerta.com.br\/index.php\/wp-json\/wp\/v2\/types\/post"}],"author":[{"embeddable":true,"href":"https:\/\/www.portalalerta.com.br\/index.php\/wp-json\/wp\/v2\/users\/2"}],"replies":[{"embeddable":true,"href":"https:\/\/www.portalalerta.com.br\/index.php\/wp-json\/wp\/v2\/comments?post=71506"}],"version-history":[{"count":1,"href":"https:\/\/www.portalalerta.com.br\/index.php\/wp-json\/wp\/v2\/posts\/71506\/revisions"}],"predecessor-version":[{"id":71507,"href":"https:\/\/www.portalalerta.com.br\/index.php\/wp-json\/wp\/v2\/posts\/71506\/revisions\/71507"}],"wp:featuredmedia":[{"embeddable":true,"href":"https:\/\/www.portalalerta.com.br\/index.php\/wp-json\/wp\/v2\/media\/71503"}],"wp:attachment":[{"href":"https:\/\/www.portalalerta.com.br\/index.php\/wp-json\/wp\/v2\/media?parent=71506"}],"wp:term":[{"taxonomy":"category","embeddable":true,"href":"https:\/\/www.portalalerta.com.br\/index.php\/wp-json\/wp\/v2\/categories?post=71506"},{"taxonomy":"post_tag","embeddable":true,"href":"https:\/\/www.portalalerta.com.br\/index.php\/wp-json\/wp\/v2\/tags?post=71506"}],"curies":[{"name":"wp","href":"https:\/\/api.w.org\/{rel}","templated":true}]}}