{"id":71508,"date":"2025-04-25T21:37:46","date_gmt":"2025-04-26T00:37:46","guid":{"rendered":"https:\/\/www.portalalerta.com.br\/?p=71508"},"modified":"2025-04-25T21:37:48","modified_gmt":"2025-04-26T00:37:48","slug":"maioria-do-stf-vota-para-condenar-debora-rodrigues-a-14-anos-de-prisao","status":"publish","type":"post","link":"https:\/\/www.portalalerta.com.br\/index.php\/2025\/04\/25\/maioria-do-stf-vota-para-condenar-debora-rodrigues-a-14-anos-de-prisao\/","title":{"rendered":"Maioria do STF vota para condenar D\u00e9bora Rodrigues a 14 anos de pris\u00e3o"},"content":{"rendered":"\n<p><strong>Cabelereira escreveu &#8220;Perdeu, man\u00e9&#8221; na est\u00e1tua a Justi\u00e7a, na Pra\u00e7a dos Tr\u00eas Poderes; al\u00e9m da pris\u00e3o, Moraes prop\u00f4s pagamento de multa de R$ 50 mil por participa\u00e7\u00e3o nos atos de 8 de janeiro de 2023<\/strong><\/p>\n\n\n\n<!--more-->\n\n\n\n<p><strong>A ministra C\u00e1rmen L\u00facia, do Supremo Tribunal Federal (STF), acompanhou o voto de Alexandre de Moraes na pena para&nbsp;<a href=\"https:\/\/www.cnnbrasil.com.br\/politica\/stf-forma-maioria-para-condenar-debora-do-batom-fux-diverge-da-pena\/\">D\u00e9bora Rodrigues dos Santos, mulher que escreveu \u201cPerdeu, man\u00e9\u201d<\/a>&nbsp;na est\u00e1tua \u201cA Justi\u00e7a\u201d. Como Fl\u00e1vio Dino tamb\u00e9m havia seguido Moraes, h\u00e1 maioria pela condena\u00e7\u00e3o proposta por Moraes, que \u00e9 o relator do caso.<\/strong><\/p>\n\n\n<div class=\"wp-block-image\">\n<figure class=\"alignleft size-full\"><img fetchpriority=\"high\" decoding=\"async\" width=\"400\" height=\"500\" src=\"https:\/\/www.portalalerta.com.br\/wp-content\/uploads\/2025\/01\/Liquida-Verao-Real-2025.jpg\" alt=\"\" class=\"wp-image-68486\" srcset=\"https:\/\/www.portalalerta.com.br\/wp-content\/uploads\/2025\/01\/Liquida-Verao-Real-2025.jpg 400w, https:\/\/www.portalalerta.com.br\/wp-content\/uploads\/2025\/01\/Liquida-Verao-Real-2025-192x240.jpg 192w\" sizes=\"(max-width: 400px) 100vw, 400px\" \/><\/figure><\/div>\n\n\n<p><strong>Moraes estipulou para D\u00e9bora 14 anos de pris\u00e3o e pagamento de multa de R$ 50 mil por participa\u00e7\u00e3o nos atos de 8 de janeiro de 2023.<\/strong><\/p>\n\n\n\n<p><strong>Os demais ministros da Primeira Turma do Supremo, no entanto,&nbsp;<a href=\"https:\/\/www.cnnbrasil.com.br\/politica\/moraes-fux-e-zanin-divergem-sobre-pena-para-mulher-que-escreveu-em-estatua\/\">haviam divergido sobre a pena<\/a>. Luiz Fux foi quem sugeriu a menor puni\u00e7\u00e3o, com reclus\u00e3o por um ano e seis meses e pagamento de dez dias-multa no valor de 1\/30 do sal\u00e1rio m\u00ednimo.<\/strong><\/p>\n\n\n\n<p><strong>J\u00e1 para o ministro Cristiano Zanin, a pena indicada seria de reclus\u00e3o por 11 anos, com dez anos e seis meses em uma pris\u00e3o. Al\u00e9m disso, haveria o pagamento de 20 dias-multa no valor de 1\/30 do sal\u00e1rio m\u00ednimo.<\/strong><\/p>\n\n\n\n<p><strong>Fux votou para D\u00e9bora ser punida por apenas um crime: o de destruir, inutilizar ou deteriorar bens especialmente protegidos por lei. Nos demais, ela deveria ser absolvida, conforme o voto do magistrado.<\/strong><\/p>\n\n\n\n<p><strong>J\u00e1 Moraes e Zanin apontaram que a r\u00e9 cometeu os crimes de:<\/strong><\/p>\n\n\n\n<ul class=\"wp-block-list\">\n<li><strong>Aboli\u00e7\u00e3o violenta do Estado Democr\u00e1tico de Direito;<\/strong><\/li>\n\n\n\n<li><strong>Golpe de Estado;<\/strong><\/li>\n\n\n\n<li><strong>Dano qualificado;<\/strong><\/li>\n\n\n\n<li><strong>Deteriora\u00e7\u00e3o do patrim\u00f4nio tombado;<\/strong><\/li>\n\n\n\n<li><strong>Associa\u00e7\u00e3o criminosa armada.<\/strong><\/li>\n<\/ul>\n\n\n\n<p><strong>Em nota, os advogados de D\u00e9bora Rodrigues afirmam que o voto de Fux representa o reconhecimento de que o caso \u201ccarecia de uma san\u00e7\u00e3o mais justa\u201d e sinaliza a \u201curg\u00eancia de corrigir excessos praticados contra centenas de r\u00e9us dos atos de 8 de janeiro\u201d.<\/strong><\/p>\n\n\n\n<p><strong>Julgamento<\/strong><\/p>\n\n\n\n<p><strong>O caso \u00e9 analisado no plen\u00e1rio virtual da Primeira Turma e ser\u00e1 conclu\u00eddo em 6 de maio, se n\u00e3o houver mais pedidos de vista ou destaque, o que levaria o tema ao plen\u00e1rio f\u00edsico.<\/strong><\/p>\n\n\n\n<p><em>Fonte: CNN Brasil<\/em><\/p>\n","protected":false},"excerpt":{"rendered":"<p>Cabelereira escreveu &#8220;Perdeu, man\u00e9&#8221; na est\u00e1tua a Justi\u00e7a, na Pra\u00e7a dos Tr\u00eas Poderes; al\u00e9m da pris\u00e3o, Moraes prop\u00f4s pagamento de multa de R$ 50 mil por participa\u00e7\u00e3o nos atos de 8 de janeiro de 2023<\/p>\n","protected":false},"author":2,"featured_media":71504,"comment_status":"open","ping_status":"open","sticky":false,"template":"","format":"standard","meta":{"om_disable_all_campaigns":false,"_monsterinsights_skip_tracking":false,"_monsterinsights_sitenote_active":false,"_monsterinsights_sitenote_note":"","_monsterinsights_sitenote_category":0,"footnotes":""},"categories":[34,70,69,21],"tags":[100,71,48,786,75,4178,4180,129,107,4181,132,230,106,203,120,51,174,109,88,47,111,216,4667,190,171],"class_list":["post-71508","post","type-post","status-publish","format-standard","has-post-thumbnail","hentry","category-brasil","category-destaques","category-noticias2","category-politica","tag-adustina","tag-antas","tag-araci","tag-brasilia","tag-cicero-dantas","tag-cipo-2","tag-crisopolis-2","tag-euclides-da-cunha","tag-fatima","tag-heliopolis-2","tag-itapicuru","tag-jeremoabo","tag-nova-soure","tag-novo-triunfo","tag-olindina","tag-paripiranga","tag-prisao","tag-quijingue","tag-ribeira-do-amparo","tag-ribeira-do-pombal","tag-sitio-do-quinto","tag-stf","tag-tentativa-de-golpe","tag-tucano","tag-vandalismo"],"aioseo_notices":[],"_links":{"self":[{"href":"https:\/\/www.portalalerta.com.br\/index.php\/wp-json\/wp\/v2\/posts\/71508","targetHints":{"allow":["GET"]}}],"collection":[{"href":"https:\/\/www.portalalerta.com.br\/index.php\/wp-json\/wp\/v2\/posts"}],"about":[{"href":"https:\/\/www.portalalerta.com.br\/index.php\/wp-json\/wp\/v2\/types\/post"}],"author":[{"embeddable":true,"href":"https:\/\/www.portalalerta.com.br\/index.php\/wp-json\/wp\/v2\/users\/2"}],"replies":[{"embeddable":true,"href":"https:\/\/www.portalalerta.com.br\/index.php\/wp-json\/wp\/v2\/comments?post=71508"}],"version-history":[{"count":1,"href":"https:\/\/www.portalalerta.com.br\/index.php\/wp-json\/wp\/v2\/posts\/71508\/revisions"}],"predecessor-version":[{"id":71509,"href":"https:\/\/www.portalalerta.com.br\/index.php\/wp-json\/wp\/v2\/posts\/71508\/revisions\/71509"}],"wp:featuredmedia":[{"embeddable":true,"href":"https:\/\/www.portalalerta.com.br\/index.php\/wp-json\/wp\/v2\/media\/71504"}],"wp:attachment":[{"href":"https:\/\/www.portalalerta.com.br\/index.php\/wp-json\/wp\/v2\/media?parent=71508"}],"wp:term":[{"taxonomy":"category","embeddable":true,"href":"https:\/\/www.portalalerta.com.br\/index.php\/wp-json\/wp\/v2\/categories?post=71508"},{"taxonomy":"post_tag","embeddable":true,"href":"https:\/\/www.portalalerta.com.br\/index.php\/wp-json\/wp\/v2\/tags?post=71508"}],"curies":[{"name":"wp","href":"https:\/\/api.w.org\/{rel}","templated":true}]}}