{"id":71669,"date":"2025-05-08T07:00:00","date_gmt":"2025-05-08T10:00:00","guid":{"rendered":"https:\/\/www.portalalerta.com.br\/?p=71669"},"modified":"2025-05-08T00:15:15","modified_gmt":"2025-05-08T03:15:15","slug":"ta-chegando-micareta-pombal-folia-promete-agitar-a-cidade","status":"publish","type":"post","link":"https:\/\/www.portalalerta.com.br\/index.php\/2025\/05\/08\/ta-chegando-micareta-pombal-folia-promete-agitar-a-cidade\/","title":{"rendered":"T\u00e1 chegando, micareta Pombal Folia promete agitar a cidade"},"content":{"rendered":"\n<p>A cidade de Ribeira do Pombal j\u00e1 vive a expectativa de um fim de semana pra l\u00e1 de animado: de 9 a 11 de maio, a 3\u00aa edi\u00e7\u00e3o da Micareta Pombal Folia retorna \u00e0s ruas ap\u00f3s quase 20 anos de hiato, prometendo reviver a tradi\u00e7\u00e3o e renovar a energia do Circuito Maria de Artur.<\/p>\n\n\n\n<!--more-->\n\n\n\n<p>Na sexta-feira, a festa come\u00e7a \u00e0s 20h com a abertura oficial, seguida por uma sequ\u00eancia de peso:<\/p>\n\n\n\n<ul class=\"wp-block-list\">\n<li>21h \u2013 Tuca Fernandes d\u00e1 o pontap\u00e9 inicial com muito ax\u00e9 e bom humor;<\/li>\n\n\n\n<li>23h \u2013 Bell Marques assume o comando e faz o p\u00fablico cantar em coro;<\/li>\n\n\n\n<li>02h \u2013 Pagod\u2019art esquenta a madrugada com pagode de primeira;<\/li>\n\n\n\n<li>04h \u2013 Samba do Xandy fecha a noite com marchinhas e sambas que n\u00e3o deixam ningu\u00e9m parado.<\/li>\n<\/ul>\n\n\n\n<p>No s\u00e1bado, j\u00e1 a partir das 15h, os blocos de rua invadem as avenidas. \u00c0 noite, o palco volta a brilhar com:<\/p>\n\n\n\n<ul class=\"wp-block-list\">\n<li>20h \u2013 Valneij\u00f3s;<\/li>\n\n\n\n<li>22h \u2013 Psirico, para quem deseja \u201ctsunami\u201d de energia;<\/li>\n\n\n\n<li>00h \u2013 Rafa &amp; Pipo, mistura perfeita de swing e irrever\u00eancia;<\/li>\n\n\n\n<li>02h \u2013 Papazoni;<\/li>\n\n\n\n<li>04h \u2013 Peu Pirata, encerrando a festa com repert\u00f3rio que atravessa gera\u00e7\u00f5es.<\/li>\n<\/ul>\n\n\n\n<p>O domingo reserva mais alegria: blocos a partir das 15h e, em sequ\u00eancia, shows de grandes atra\u00e7\u00f5es:<\/p>\n\n\n\n<ul class=\"wp-block-list\">\n<li>20h \u2013 Pimenta N\u2019ativa;<\/li>\n\n\n\n<li>22h \u2013 Xanddy (Harmonia do Samba);<\/li>\n\n\n\n<li>00h \u2013 Cheiro de Amor;<\/li>\n\n\n\n<li>02h \u2013 Robyss\u00e3o;<\/li>\n\n\n\n<li>04h \u2013 Kbs\u00e3o, fechando a Micareta com chave de ouro.<\/li>\n<\/ul>\n\n\n\n<p>Para os pequenos foli\u00f5es, a Micaretinha anima a tarde de domingo:<\/p>\n\n\n\n<ul class=\"wp-block-list\">\n<li>15h \u2013 Cortejo de frevo saindo da&nbsp; pra\u00e7a&nbsp; Cabo Anselmo;<\/li>\n\n\n\n<li>16h30 \u2013 Sa\u00edda do bloco \u201cEguinha + Zumba\u201d pela Cabo Anselmo;<\/li>\n\n\n\n<li>18h \u2013 Bloco Cultural (sa\u00edda da Get\u00falio Vargas), seguido pelo Bloco Senado (17h) e pelo Bloco Elke (18h30), todos com muito ritmo e seguran\u00e7a garantida.<\/li>\n<\/ul>\n\n\n\n<p>Organizada pela Prefeitura de Ribeira do Pombal, a Micareta Pombal Folia 2025 n\u00e3o \u00e9 apenas divers\u00e3o: \u00e9 reencontro de gera\u00e7\u00f5es, aquecimento da economia local e celebra\u00e7\u00e3o da nossa cultura sertaneja. Prepare o confete, afine a voz e venha fazer parte deste espet\u00e1culo que j\u00e1 nasce hist\u00f3rico!<\/p>\n\n\n\n<p><em>Fonte: SECOM\/Ribeira do Pombal<\/em><\/p>\n","protected":false},"excerpt":{"rendered":"<p>A cidade de Ribeira do Pombal j\u00e1 vive a expectativa de um fim de semana pra l\u00e1 de animado: de 9 a 11 de maio, a 3\u00aa edi\u00e7\u00e3o da Micareta Pombal Folia retorna \u00e0s ruas ap\u00f3s quase 20 anos de hiato, prometendo reviver a tradi\u00e7\u00e3o e renovar a energia do Circuito Maria de Artur.<\/p>\n","protected":false},"author":2,"featured_media":71666,"comment_status":"open","ping_status":"open","sticky":false,"template":"","format":"standard","meta":{"om_disable_all_campaigns":false,"_monsterinsights_skip_tracking":false,"_monsterinsights_sitenote_active":false,"_monsterinsights_sitenote_note":"","_monsterinsights_sitenote_category":0,"footnotes":""},"categories":[70,36,69,32,3],"tags":[100,71,48,75,4178,4180,129,107,4181,132,230,940,106,203,120,51,6031,109,88,47,111,190],"class_list":["post-71669","post","type-post","status-publish","format-standard","has-post-thumbnail","hentry","category-destaques","category-lazer","category-noticias2","category-regiao","category-ribeira-do-pombal","tag-adustina","tag-antas","tag-araci","tag-cicero-dantas","tag-cipo-2","tag-crisopolis-2","tag-euclides-da-cunha","tag-fatima","tag-heliopolis-2","tag-itapicuru","tag-jeremoabo","tag-micareta","tag-nova-soure","tag-novo-triunfo","tag-olindina","tag-paripiranga","tag-pombal-folia","tag-quijingue","tag-ribeira-do-amparo","tag-ribeira-do-pombal","tag-sitio-do-quinto","tag-tucano"],"aioseo_notices":[],"_links":{"self":[{"href":"https:\/\/www.portalalerta.com.br\/index.php\/wp-json\/wp\/v2\/posts\/71669","targetHints":{"allow":["GET"]}}],"collection":[{"href":"https:\/\/www.portalalerta.com.br\/index.php\/wp-json\/wp\/v2\/posts"}],"about":[{"href":"https:\/\/www.portalalerta.com.br\/index.php\/wp-json\/wp\/v2\/types\/post"}],"author":[{"embeddable":true,"href":"https:\/\/www.portalalerta.com.br\/index.php\/wp-json\/wp\/v2\/users\/2"}],"replies":[{"embeddable":true,"href":"https:\/\/www.portalalerta.com.br\/index.php\/wp-json\/wp\/v2\/comments?post=71669"}],"version-history":[{"count":1,"href":"https:\/\/www.portalalerta.com.br\/index.php\/wp-json\/wp\/v2\/posts\/71669\/revisions"}],"predecessor-version":[{"id":71670,"href":"https:\/\/www.portalalerta.com.br\/index.php\/wp-json\/wp\/v2\/posts\/71669\/revisions\/71670"}],"wp:featuredmedia":[{"embeddable":true,"href":"https:\/\/www.portalalerta.com.br\/index.php\/wp-json\/wp\/v2\/media\/71666"}],"wp:attachment":[{"href":"https:\/\/www.portalalerta.com.br\/index.php\/wp-json\/wp\/v2\/media?parent=71669"}],"wp:term":[{"taxonomy":"category","embeddable":true,"href":"https:\/\/www.portalalerta.com.br\/index.php\/wp-json\/wp\/v2\/categories?post=71669"},{"taxonomy":"post_tag","embeddable":true,"href":"https:\/\/www.portalalerta.com.br\/index.php\/wp-json\/wp\/v2\/tags?post=71669"}],"curies":[{"name":"wp","href":"https:\/\/api.w.org\/{rel}","templated":true}]}}