{"id":71710,"date":"2025-05-08T23:10:26","date_gmt":"2025-05-09T02:10:26","guid":{"rendered":"https:\/\/www.portalalerta.com.br\/?p=71710"},"modified":"2025-05-08T23:10:27","modified_gmt":"2025-05-09T02:10:27","slug":"barroso-envia-a-zanin-oficio-da-camara-sobre-suspensao-de-acao-penal-contra-ramagem","status":"publish","type":"post","link":"https:\/\/www.portalalerta.com.br\/index.php\/2025\/05\/08\/barroso-envia-a-zanin-oficio-da-camara-sobre-suspensao-de-acao-penal-contra-ramagem\/","title":{"rendered":"Barroso envia a Zanin of\u00edcio da C\u00e2mara sobre suspens\u00e3o de a\u00e7\u00e3o penal contra Ramagem"},"content":{"rendered":"\n<p>Zanin \u00e9 presidente da Primeira Turma, que tornou r\u00e9us Ramagem, Jair Bolsonaro e outros denunciados por tentativa de golpe<\/p>\n\n\n\n<!--more-->\n\n\n\n<p>O presidente do STF (Supremo Tribunal Federal),&nbsp;<strong>Lu\u00eds Roberto Barroso<\/strong>, enviou ao&nbsp;<strong>ministro Cristiano Zanin<\/strong>&nbsp;<a href=\"https:\/\/noticias.r7.com\/brasilia\/motta-avisa-a-barroso-decisao-da-camara-que-suspende-acao-penal-de-ramagem-por-tentativa-de-golpe-08052025\/\"><strong>of\u00edcio do presidente da C\u00e2mara<\/strong><\/a>,&nbsp;<strong>Hugo Motta<\/strong>&nbsp;(Republicanos-PB), no qual \u00e9 comunicada decis\u00e3o da Casa que aprovou&nbsp;<a href=\"https:\/\/noticias.r7.com\/brasilia\/ao-vivo-camara-analisa-paralisacao-de-acao-no-stf-sobre-golpe-07052025\/\"><strong>a suspens\u00e3o da a\u00e7\u00e3o penal<\/strong><\/a>&nbsp;na corte contra o deputado&nbsp;<a href=\"https:\/\/noticias.r7.com\/jr-na-tv\/video\/ccj-aprova-suspensao-da-acao-no-stf-contra-o-deputado-alexandre-ramagem-pl-rj-08052025\/\"><strong>Alexandre Ramagem<\/strong><\/a><strong>&nbsp;(PL-RJ)<\/strong>&nbsp;por&nbsp;<strong>tentativa de golpe de Estado<\/strong>&nbsp;ap\u00f3s as elei\u00e7\u00f5es de 2022.<\/p>\n\n\n\n<p>Zanin \u00e9 o presidente da Primeira Turma do STF, que tornou r\u00e9us Ramagem, o ex-presidente Jair Bolsonaro (PL) e outros denunciados. Agora, Zanin deve decidir os pr\u00f3ximos passos sobre a suspens\u00e3o da a\u00e7\u00e3o penal envolvendo Ramagem.<\/p>\n\n\n\n<p>O Regimento Interno do STF diz que, \u201cna hip\u00f3tese de a C\u00e2mara dos Deputados ou o Senado Federal comunicar ao Tribunal que, por iniciativa de sua Mesa, resolveu sustar o processo, o Plen\u00e1rio decidir\u00e1 sobre a suspens\u00e3o deste\u201d.<\/p>\n\n\n\n<p>Entretanto, h\u00e1 uma mudan\u00e7a que transferiu para as Turmas a compet\u00eancia para processar e julgar deputados e senadores por crimes comuns.<\/p>\n\n\n\n<p>O&nbsp;<strong>R7<\/strong>&nbsp;apurou que os ministros devem aguardar uma a\u00e7\u00e3o que dever\u00e1 ser apresentada pelo PSOL contra a decis\u00e3o da C\u00e2mara. Caso a a\u00e7\u00e3o do partido seja apresentada, o sorteio pelo relator \u00e9 livre e pode cair com qualquer ministro.<\/p>\n\n\n\n<p>A Comiss\u00e3o de Constitui\u00e7\u00e3o e Justi\u00e7a da C\u00e2mara dos Deputados aprovou por 44 votos a 18<\/p>\n\n\n\n<p>Se houver uma decis\u00e3o do STF antes disso, o Supremo pode optar por suspender s\u00f3 parte da a\u00e7\u00e3o contra Ramagem e paralisar o trecho que trata de crimes supostamente cometidos ap\u00f3s a diploma\u00e7\u00e3o do deputado (ato formal em que a Justi\u00e7a Eleitoral reconhece oficialmente que o candidato eleito cumpriu todos os requisitos legais e est\u00e1 apto a tomar posse no cargo). No caso, o ministro Alexandre de Moraes, como relator do caso, deve decidir.<\/p>\n\n\n\n<p>Segundo o requerimento aprovado pela C\u00e2mara, todos os cinco crimes imputados a Ramagem teriam acontecido depois da diploma\u00e7\u00e3o dele. Isso vai contra o entendimento de Zanin, que em of\u00edcio enviado \u00e0 C\u00e2mara antes da vota\u00e7\u00e3o informou que s\u00f3 dois crimes teriam ocorrido ap\u00f3s a diploma\u00e7\u00e3o do parlamentar: dano qualificado e deteriora\u00e7\u00e3o do patrim\u00f4nio p\u00fablico.<\/p>\n\n\n\n<p>Para o ministro, os crimes de tentativa de golpe de Estado, organiza\u00e7\u00e3o criminosa armada e tentativa de aboli\u00e7\u00e3o do Estado Democr\u00e1tico de Direito teriam ocorrido antes da diploma\u00e7\u00e3o de Ramagem.<\/p>\n\n\n\n<p><em>Fonte: Noticias r7<\/em><\/p>\n","protected":false},"excerpt":{"rendered":"<p>Zanin \u00e9 presidente da Primeira Turma, que tornou r\u00e9us Ramagem, Jair Bolsonaro e outros denunciados por tentativa de golpe<\/p>\n","protected":false},"author":2,"featured_media":58542,"comment_status":"open","ping_status":"open","sticky":false,"template":"","format":"standard","meta":{"om_disable_all_campaigns":false,"_monsterinsights_skip_tracking":false,"_monsterinsights_sitenote_active":false,"_monsterinsights_sitenote_note":"","_monsterinsights_sitenote_category":0,"footnotes":""},"categories":[34,70,69,21],"tags":[100,3607,71,48,75,4178,4180,6149,129,107,4181,132,230,805,106,203,120,51,109,88,47,111,216,190],"class_list":["post-71710","post","type-post","status-publish","format-standard","has-post-thumbnail","hentry","category-brasil","category-destaques","category-noticias2","category-politica","tag-adustina","tag-alexandre-ramagem","tag-antas","tag-araci","tag-cicero-dantas","tag-cipo-2","tag-crisopolis-2","tag-cristiano-zanin","tag-euclides-da-cunha","tag-fatima","tag-heliopolis-2","tag-itapicuru","tag-jeremoabo","tag-luiz-roberto-barroso","tag-nova-soure","tag-novo-triunfo","tag-olindina","tag-paripiranga","tag-quijingue","tag-ribeira-do-amparo","tag-ribeira-do-pombal","tag-sitio-do-quinto","tag-stf","tag-tucano"],"aioseo_notices":[],"_links":{"self":[{"href":"https:\/\/www.portalalerta.com.br\/index.php\/wp-json\/wp\/v2\/posts\/71710","targetHints":{"allow":["GET"]}}],"collection":[{"href":"https:\/\/www.portalalerta.com.br\/index.php\/wp-json\/wp\/v2\/posts"}],"about":[{"href":"https:\/\/www.portalalerta.com.br\/index.php\/wp-json\/wp\/v2\/types\/post"}],"author":[{"embeddable":true,"href":"https:\/\/www.portalalerta.com.br\/index.php\/wp-json\/wp\/v2\/users\/2"}],"replies":[{"embeddable":true,"href":"https:\/\/www.portalalerta.com.br\/index.php\/wp-json\/wp\/v2\/comments?post=71710"}],"version-history":[{"count":1,"href":"https:\/\/www.portalalerta.com.br\/index.php\/wp-json\/wp\/v2\/posts\/71710\/revisions"}],"predecessor-version":[{"id":71711,"href":"https:\/\/www.portalalerta.com.br\/index.php\/wp-json\/wp\/v2\/posts\/71710\/revisions\/71711"}],"wp:featuredmedia":[{"embeddable":true,"href":"https:\/\/www.portalalerta.com.br\/index.php\/wp-json\/wp\/v2\/media\/58542"}],"wp:attachment":[{"href":"https:\/\/www.portalalerta.com.br\/index.php\/wp-json\/wp\/v2\/media?parent=71710"}],"wp:term":[{"taxonomy":"category","embeddable":true,"href":"https:\/\/www.portalalerta.com.br\/index.php\/wp-json\/wp\/v2\/categories?post=71710"},{"taxonomy":"post_tag","embeddable":true,"href":"https:\/\/www.portalalerta.com.br\/index.php\/wp-json\/wp\/v2\/tags?post=71710"}],"curies":[{"name":"wp","href":"https:\/\/api.w.org\/{rel}","templated":true}]}}