{"id":71728,"date":"2025-05-12T13:33:24","date_gmt":"2025-05-12T16:33:24","guid":{"rendered":"https:\/\/www.portalalerta.com.br\/?p=71728"},"modified":"2025-05-12T13:33:26","modified_gmt":"2025-05-12T16:33:26","slug":"foragido-da-justica-e-preso-apos-ser-detectado-pelo-sistema-de-reconhecimento-facial-durante-a-micareta-de-ribeira-do-pombal-ba","status":"publish","type":"post","link":"https:\/\/www.portalalerta.com.br\/index.php\/2025\/05\/12\/foragido-da-justica-e-preso-apos-ser-detectado-pelo-sistema-de-reconhecimento-facial-durante-a-micareta-de-ribeira-do-pombal-ba\/","title":{"rendered":"Foragido da justi\u00e7a \u00e9 preso ap\u00f3s ser detectado pelo Sistema de Reconhecimento Facial, durante a Micareta de Ribeira do Pombal-BA"},"content":{"rendered":"\n<p>Por volta de 0h15 do \u00faltimo s\u00e1bado (10), durante o primeiro dia da Micareta Pombal Folia, em Ribeira do Pombal-BA, um homem foi preso em cumprimento a um mandado de pris\u00e3o.<\/p>\n\n\n\n<!--more-->\n\n\n<div class=\"wp-block-image\">\n<figure class=\"alignleft size-large is-resized\"><img fetchpriority=\"high\" decoding=\"async\" src=\"https:\/\/www.portalalerta.com.br\/wp-content\/uploads\/2024\/04\/autoescola-emprego-1024x1024.jpg\" alt=\"\" class=\"wp-image-55693\" width=\"435\" height=\"435\" srcset=\"https:\/\/www.portalalerta.com.br\/wp-content\/uploads\/2024\/04\/autoescola-emprego-1024x1024.jpg 1024w, https:\/\/www.portalalerta.com.br\/wp-content\/uploads\/2024\/04\/autoescola-emprego-240x240.jpg 240w, https:\/\/www.portalalerta.com.br\/wp-content\/uploads\/2024\/04\/autoescola-emprego-768x768.jpg 768w, https:\/\/www.portalalerta.com.br\/wp-content\/uploads\/2024\/04\/autoescola-emprego.jpg 1080w\" sizes=\"(max-width: 435px) 100vw, 435px\" \/><\/figure><\/div>\n\n\n<p>Identificado pelas iniciais W.S.C.C, \u00e9 apontado pela pr\u00e1tica de tentativa de homic\u00eddio, e no momento da pris\u00e3o estava no circuito Maria de Arthur, quando foi detectado pelo Sistema de Reconhecimento Facial.<\/p>\n\n\n\n<p>Policiais Civis da Delegacia de Pol\u00edcia Civil de Ribeira do Pombal, em a\u00e7\u00e3o conjunta com uma equipe do CATTI Conselheiro efetuaram a captura do criminoso, que foi conduzido para a carceragem local, onde se encontra custodiado \u00e0 disposi\u00e7\u00e3o da justi\u00e7a.<\/p>\n\n\n\n<p><em>Reda\u00e7\u00e3o: Portal Alerta<\/em><\/p>\n","protected":false},"excerpt":{"rendered":"<p>Por volta de 0h15 do \u00faltimo s\u00e1bado (10), durante o primeiro dia da Micareta Pombal Folia, em Ribeira do Pombal-BA, um homem foi preso em cumprimento a um mandado de pris\u00e3o.<\/p>\n","protected":false},"author":2,"featured_media":71729,"comment_status":"open","ping_status":"open","sticky":false,"template":"","format":"standard","meta":{"om_disable_all_campaigns":false,"_monsterinsights_skip_tracking":false,"_monsterinsights_sitenote_active":false,"_monsterinsights_sitenote_note":"","_monsterinsights_sitenote_category":0,"footnotes":""},"categories":[70,36,69,32,3,22],"tags":[557,100,71,48,75,4178,4180,129,107,4181,132,230,488,7962,106,203,120,51,122,77,109,2299,88,47,111,105,190],"class_list":["post-71728","post","type-post","status-publish","format-standard","has-post-thumbnail","hentry","category-destaques","category-lazer","category-noticias2","category-regiao","category-ribeira-do-pombal","category-seguranca","tag-25a-coorpin","tag-adustina","tag-antas","tag-araci","tag-cicero-dantas","tag-cipo-2","tag-crisopolis-2","tag-euclides-da-cunha","tag-fatima","tag-heliopolis-2","tag-itapicuru","tag-jeremoabo","tag-mandado-de-prisao","tag-micareta-pombal-folia","tag-nova-soure","tag-novo-triunfo","tag-olindina","tag-paripiranga","tag-policia-civil","tag-preso","tag-quijingue","tag-reconhecimento-facial","tag-ribeira-do-amparo","tag-ribeira-do-pombal","tag-sitio-do-quinto","tag-tentativa-de-homicidio","tag-tucano"],"aioseo_notices":[],"_links":{"self":[{"href":"https:\/\/www.portalalerta.com.br\/index.php\/wp-json\/wp\/v2\/posts\/71728","targetHints":{"allow":["GET"]}}],"collection":[{"href":"https:\/\/www.portalalerta.com.br\/index.php\/wp-json\/wp\/v2\/posts"}],"about":[{"href":"https:\/\/www.portalalerta.com.br\/index.php\/wp-json\/wp\/v2\/types\/post"}],"author":[{"embeddable":true,"href":"https:\/\/www.portalalerta.com.br\/index.php\/wp-json\/wp\/v2\/users\/2"}],"replies":[{"embeddable":true,"href":"https:\/\/www.portalalerta.com.br\/index.php\/wp-json\/wp\/v2\/comments?post=71728"}],"version-history":[{"count":1,"href":"https:\/\/www.portalalerta.com.br\/index.php\/wp-json\/wp\/v2\/posts\/71728\/revisions"}],"predecessor-version":[{"id":71730,"href":"https:\/\/www.portalalerta.com.br\/index.php\/wp-json\/wp\/v2\/posts\/71728\/revisions\/71730"}],"wp:featuredmedia":[{"embeddable":true,"href":"https:\/\/www.portalalerta.com.br\/index.php\/wp-json\/wp\/v2\/media\/71729"}],"wp:attachment":[{"href":"https:\/\/www.portalalerta.com.br\/index.php\/wp-json\/wp\/v2\/media?parent=71728"}],"wp:term":[{"taxonomy":"category","embeddable":true,"href":"https:\/\/www.portalalerta.com.br\/index.php\/wp-json\/wp\/v2\/categories?post=71728"},{"taxonomy":"post_tag","embeddable":true,"href":"https:\/\/www.portalalerta.com.br\/index.php\/wp-json\/wp\/v2\/tags?post=71728"}],"curies":[{"name":"wp","href":"https:\/\/api.w.org\/{rel}","templated":true}]}}