{"id":71731,"date":"2025-05-12T13:37:52","date_gmt":"2025-05-12T16:37:52","guid":{"rendered":"https:\/\/www.portalalerta.com.br\/?p=71731"},"modified":"2025-05-12T13:37:54","modified_gmt":"2025-05-12T16:37:54","slug":"tarifaco-global-eua-e-china-anunciam-acordo-para-reduzir-taxas-e-pausa-de-90-dias","status":"publish","type":"post","link":"https:\/\/www.portalalerta.com.br\/index.php\/2025\/05\/12\/tarifaco-global-eua-e-china-anunciam-acordo-para-reduzir-taxas-e-pausa-de-90-dias\/","title":{"rendered":"&#8216;Tarifa\u00e7o global&#8217;: EUA e China anunciam acordo para reduzir taxas e pausa de 90 dias"},"content":{"rendered":"\n<p>Governo norte-americano e chin\u00eas aceitaram os termos da no novo acordo, que dever\u00e1 alterar a taxa\u00e7\u00e3o \u00e0s importa\u00e7\u00f5es dos dois pa\u00edses; negocia\u00e7\u00f5es devem continuar mesmo com novo acordo<\/p>\n\n\n\n<!--more-->\n\n\n\n<p><a href=\"https:\/\/www.band.com.br\/economia\/noticias\/secretario-do-tesouro-dos-eua-diz-que-houve-progressos-substanciais-nas-negociacoes-com-china-202505112133\"><strong>Estados Unidos<\/strong><\/a>&nbsp;e China anunciaram, na madrugada desta segunda-feira (12), que chegaram a um acordo sobre o &#8216;tarifa\u00e7o global&#8217; imposto por Donald Trump, presidente norte-americano, no in\u00edcio de sua gest\u00e3o referente a importa\u00e7\u00e3o de produtos.<\/p>\n\n\n\n<p>De acordo com o secret\u00e1rio do Tesouro dos EUA, Scott Bessent, a Casa Branca e Pequim concordaram com uma paralisa\u00e7\u00e3o de 90 dias nas tributa\u00e7\u00f5es, al\u00e9m de uma redu\u00e7\u00e3o nas tarifas em mais de 100% do atual praticado.&nbsp;<\/p>\n\n\n\n<p>Dessa forma, as tarifas dos EUA contra a China devem permanecer em 30% nos pr\u00f3ximos 90 dias. J\u00e1 as da China contra os EUA, em 10%.<\/p>\n\n\n\n<p>O aumento rec\u00edproco das tarifas vinha causando enormes preju\u00edzos ao com\u00e9rcio bilateral, que no ano passado ultrapassou 660 bilh\u00f5es de d\u00f3lares (R$ 3,7 trilh\u00f5es).<\/p>\n\n\n\n<p>Al\u00e9m das medidas ditadas acima, o novo acordo disp\u00f5es de uma diminui\u00e7\u00e3o da taxa adicional que incide sobre o frete dos produtos importados.&nbsp;<\/p>\n\n\n\n<p>Nesta segunda-feira, Bessent disse que &#8220;os dois lados demonstraram grande respeito&#8221; durante as negocia\u00e7\u00f5es. &#8220;Ambos os pa\u00edses representaram seus muito bem interesses nacionais &#8220;, afirmou o secret\u00e1rio. &#8220;Temos interesse em um com\u00e9rcio equilibrado, e os EUA continuar\u00e3o caminhando em dire\u00e7\u00e3o a isso.&#8221;<\/p>\n\n\n<div class=\"wp-block-image\">\n<figure class=\"alignleft size-large is-resized\"><img decoding=\"async\" src=\"https:\/\/www.portalalerta.com.br\/wp-content\/uploads\/2025\/05\/Real-dia-das-maes-2025-819x1024.jpeg\" alt=\"\" class=\"wp-image-71620\" width=\"435\" srcset=\"https:\/\/www.portalalerta.com.br\/wp-content\/uploads\/2025\/05\/Real-dia-das-maes-2025-819x1024.jpeg 819w, https:\/\/www.portalalerta.com.br\/wp-content\/uploads\/2025\/05\/Real-dia-das-maes-2025-192x240.jpeg 192w, https:\/\/www.portalalerta.com.br\/wp-content\/uploads\/2025\/05\/Real-dia-das-maes-2025-768x960.jpeg 768w, https:\/\/www.portalalerta.com.br\/wp-content\/uploads\/2025\/05\/Real-dia-das-maes-2025.jpeg 1024w\" sizes=\"(max-width: 819px) 100vw, 819px\" \/><\/figure><\/div>\n\n\n<p><strong>China elogia novo tratado<\/strong><\/p>\n\n\n\n<p>O Minist\u00e9rio do Com\u00e9rcio da China classificou o acordo como um passo importante para a resolu\u00e7\u00e3o das diverg\u00eancias entre os dois pa\u00edses e disse que ele estabelece as bases para uma coopera\u00e7\u00e3o futura.<\/p>\n\n\n\n<p>&#8220;Essa iniciativa est\u00e1 alinhada com as expectativas de produtores e consumidores de ambos os pa\u00edses e serve aos interesses de ambas as na\u00e7\u00f5es, assim como aos interesses comuns do mundo&#8221;, afirmou o minist\u00e9rio chin\u00eas em nota.<\/p>\n\n\n\n<p>O comunicado acrescentou que a China espera que os EUA deixem de lado &#8220;a pr\u00e1tica err\u00f4nea de aumentos tarif\u00e1rios unilaterais&#8221; e colaborem com a China para proteger o desenvolvimento das rela\u00e7\u00f5es econ\u00f4micas e comerciais, trazendo mais certeza e estabilidade \u00e0 economia global.<\/p>\n\n\n\n<p><strong>Guerra tarif\u00e1ria<\/strong><\/p>\n\n\n\n<p>No in\u00edcio de abril, com pouco mais de 3 meses \u00e0 frente da Casa Branca, o presidente Donald Trump iniciou a aplica\u00e7\u00e3o de uma s\u00e9rie de medidas contra pa\u00edses cuja balan\u00e7a comercial encontrava-se &#8216;desequilibrada&#8217; em detrimento dos norte-americanos.<\/p>\n\n\n\n<p>Com isso, Trump aplicou um &#8216;tarifa\u00e7o global&#8217;, que culminou com a China recebendo as maiores tarifas &#8211; inicialmente de 34%.&nbsp;<\/p>\n\n\n\n<p>A taxa se somou aos 20% j\u00e1 aplicados, anteriormente, aos produtos chineses que desembarcavam nos Estados Unidos. Em resposta \u00e0 medida, Pequim imp\u00f4s tarifas extras sobre produtos importados norte-americanos de 34%.<\/p>\n\n\n\n<p>Em retalia\u00e7\u00e3o, o governo Trump subiu o tom e elevou as tarifas para 104%. A China, no entanto, n\u00e3o demonstrou fraqueza e disse que estava disposta a revidar &#8220;at\u00e9 o fim&#8221;, al\u00e9m de elevar as taxas de importa\u00e7\u00e3o aos norte-americanos para 84%.<\/p>\n\n\n\n<p>Trump, ent\u00e3o, subiu a taxa de produtos chineses para 125% e anunciou uma pausa nas tarifas globais, deixando claro que a China seria a \u00fanica exce\u00e7\u00e3o da medida.&nbsp;<\/p>\n\n\n\n<p>Ao todo, a al\u00edquota contra a China chegou em 145%. Os chineses, como resposta, tamb\u00e9m culminaram na aplica\u00e7\u00e3o de uma tarifa de importa\u00e7\u00e3o de 125%.<\/p>\n\n\n\n<p><strong>Temor de recess\u00e3o global<\/strong><\/p>\n\n\n\n<p>Na semana passada, que marcou os 100 dias do segundo mandato Trump, seu governo anunciou que a economia americana retraiu a uma taxa anual de 0,3% no primeiro trimestre de 2025, o maior recuo desde 2022.<\/p>\n\n\n\n<p>Ao reagir \u00e0s tarifas de Trump, Pequim imp\u00f4s restri\u00e7\u00f5es \u00e0 exporta\u00e7\u00e3o de alguns elementos de terras raras, vitais para os fabricantes americanos de armas e bens de consumo eletr\u00f4nicos, e elevou tarifas sobre uma s\u00e9rie de produtos americanos.<\/p>\n\n\n\n<p><em>Fonte: Band.com.br<\/em><\/p>\n","protected":false},"excerpt":{"rendered":"<p>Governo norte-americano e chin\u00eas aceitaram os termos da no novo acordo, que dever\u00e1 alterar a taxa\u00e7\u00e3o \u00e0s importa\u00e7\u00f5es dos dois pa\u00edses; negocia\u00e7\u00f5es devem continuar mesmo com novo acordo<\/p>\n","protected":false},"author":2,"featured_media":71732,"comment_status":"open","ping_status":"open","sticky":false,"template":"","format":"standard","meta":{"om_disable_all_campaigns":false,"_monsterinsights_skip_tracking":false,"_monsterinsights_sitenote_active":false,"_monsterinsights_sitenote_note":"","_monsterinsights_sitenote_category":0,"footnotes":""},"categories":[70,35,69,21],"tags":[100,71,48,840,75,4178,4180,1137,327,129,107,4181,132,230,106,203,120,51,109,88,47,111,190],"class_list":["post-71731","post","type-post","status-publish","format-standard","has-post-thumbnail","hentry","category-destaques","category-mundo","category-noticias2","category-politica","tag-adustina","tag-antas","tag-araci","tag-china","tag-cicero-dantas","tag-cipo-2","tag-crisopolis-2","tag-economia","tag-eua","tag-euclides-da-cunha","tag-fatima","tag-heliopolis-2","tag-itapicuru","tag-jeremoabo","tag-nova-soure","tag-novo-triunfo","tag-olindina","tag-paripiranga","tag-quijingue","tag-ribeira-do-amparo","tag-ribeira-do-pombal","tag-sitio-do-quinto","tag-tucano"],"aioseo_notices":[],"_links":{"self":[{"href":"https:\/\/www.portalalerta.com.br\/index.php\/wp-json\/wp\/v2\/posts\/71731","targetHints":{"allow":["GET"]}}],"collection":[{"href":"https:\/\/www.portalalerta.com.br\/index.php\/wp-json\/wp\/v2\/posts"}],"about":[{"href":"https:\/\/www.portalalerta.com.br\/index.php\/wp-json\/wp\/v2\/types\/post"}],"author":[{"embeddable":true,"href":"https:\/\/www.portalalerta.com.br\/index.php\/wp-json\/wp\/v2\/users\/2"}],"replies":[{"embeddable":true,"href":"https:\/\/www.portalalerta.com.br\/index.php\/wp-json\/wp\/v2\/comments?post=71731"}],"version-history":[{"count":1,"href":"https:\/\/www.portalalerta.com.br\/index.php\/wp-json\/wp\/v2\/posts\/71731\/revisions"}],"predecessor-version":[{"id":71733,"href":"https:\/\/www.portalalerta.com.br\/index.php\/wp-json\/wp\/v2\/posts\/71731\/revisions\/71733"}],"wp:featuredmedia":[{"embeddable":true,"href":"https:\/\/www.portalalerta.com.br\/index.php\/wp-json\/wp\/v2\/media\/71732"}],"wp:attachment":[{"href":"https:\/\/www.portalalerta.com.br\/index.php\/wp-json\/wp\/v2\/media?parent=71731"}],"wp:term":[{"taxonomy":"category","embeddable":true,"href":"https:\/\/www.portalalerta.com.br\/index.php\/wp-json\/wp\/v2\/categories?post=71731"},{"taxonomy":"post_tag","embeddable":true,"href":"https:\/\/www.portalalerta.com.br\/index.php\/wp-json\/wp\/v2\/tags?post=71731"}],"curies":[{"name":"wp","href":"https:\/\/api.w.org\/{rel}","templated":true}]}}