{"id":71772,"date":"2025-05-12T22:44:54","date_gmt":"2025-05-13T01:44:54","guid":{"rendered":"https:\/\/www.portalalerta.com.br\/?p=71772"},"modified":"2025-05-12T22:44:56","modified_gmt":"2025-05-13T01:44:56","slug":"seguranca-reforcada-garante-tranquilidade-na-micareta-pombal-folia-2025","status":"publish","type":"post","link":"https:\/\/www.portalalerta.com.br\/index.php\/2025\/05\/12\/seguranca-reforcada-garante-tranquilidade-na-micareta-pombal-folia-2025\/","title":{"rendered":"Seguran\u00e7a refor\u00e7ada garante tranquilidade na Micareta Pombal Folia 2025"},"content":{"rendered":"\n<p>A edi\u00e7\u00e3o 2025 da&nbsp;<strong>Micareta Pombal Folia<\/strong>&nbsp;foi marcada n\u00e3o apenas por grandes atra\u00e7\u00f5es e recorde de p\u00fablico, mas tamb\u00e9m por um saldo extremamente positivo na \u00e1rea da seguran\u00e7a p\u00fablica. De acordo com o relat\u00f3rio oficial do&nbsp;<strong>25\u00ba COORPIN<\/strong>, a atua\u00e7\u00e3o das for\u00e7as de seguran\u00e7a durante os tr\u00eas dias de evento contribuiu para um ambiente de paz e organiza\u00e7\u00e3o.<\/p>\n\n\n\n<!--more-->\n\n\n\n<p><strong>Na sexta-feira (dia de abertura)<\/strong>, foram registrados:<\/p>\n\n\n\n<ul class=\"wp-block-list\">\n<li>04 ocorr\u00eancias de furto de celular<\/li>\n\n\n\n<li>01 furto de ve\u00edculo (motocicleta)<\/li>\n\n\n\n<li>01 mandado de pris\u00e3o preventiva cumprido com sucesso<\/li>\n<\/ul>\n\n\n\n<p><strong>No s\u00e1bado<\/strong>, considerado o dia de maior movimenta\u00e7\u00e3o,&nbsp;<strong>nenhum furto foi registrado<\/strong>, um dado que refor\u00e7a o n\u00edvel de controle e atua\u00e7\u00e3o preventiva das for\u00e7as presentes. Foi registrado apenas um&nbsp;<strong>Boletim de Ocorr\u00eancia (n\u00ba 0100349565\/2025)<\/strong>&nbsp;relacionado \u00e0 apresenta\u00e7\u00e3o de objeto.<\/p>\n\n\n\n<p><strong>J\u00e1 no domingo<\/strong>, a tranquilidade do s\u00e1bado se repetiu:&nbsp;<strong>nenhum registro de furto ou ocorr\u00eancia relevante<\/strong>&nbsp;foi contabilizado pelas autoridades.<\/p>\n\n\n\n<p>A Prefeitura de Ribeira do Pombal, em parceria com as pol\u00edcias Civil, Militar, Guarda Municipal e demais \u00f3rg\u00e3os de seguran\u00e7a, mobilizou efetivos extras, instalou pontos estrat\u00e9gicos de monitoramento e promoveu a\u00e7\u00f5es de orienta\u00e7\u00e3o ao p\u00fablico durante todo o evento.<\/p>\n\n\n\n<p>Com esse balan\u00e7o, a Micareta Pombal Folia 2025 refor\u00e7a seu lugar como uma das festas mais seguras e bem organizadas do interior da Bahia, comprovando que \u00e9 poss\u00edvel fazer uma grande festa com alegria e responsabilidade.<\/p>\n\n\n\n<p><em>Fonte: SECOM\/ Ribeira do Pombal<\/em><\/p>\n","protected":false},"excerpt":{"rendered":"<p>A edi\u00e7\u00e3o 2025 da&nbsp;Micareta Pombal Folia&nbsp;foi marcada n\u00e3o apenas por grandes atra\u00e7\u00f5es e recorde de p\u00fablico, mas tamb\u00e9m por um saldo extremamente positivo na \u00e1rea da seguran\u00e7a p\u00fablica. De acordo com o relat\u00f3rio oficial do&nbsp;25\u00ba COORPIN, a atua\u00e7\u00e3o das for\u00e7as de seguran\u00e7a durante os tr\u00eas dias de evento contribuiu para um ambiente de paz e &hellip;<\/p>\n","protected":false},"author":2,"featured_media":71770,"comment_status":"open","ping_status":"open","sticky":false,"template":"","format":"standard","meta":{"om_disable_all_campaigns":false,"_monsterinsights_skip_tracking":false,"_monsterinsights_sitenote_active":false,"_monsterinsights_sitenote_note":"","_monsterinsights_sitenote_category":0,"footnotes":""},"categories":[70,36,69,32,3,22],"tags":[100,71,48,75,4178,4180,129,107,4181,132,230,106,203,120,51,6031,109,88,47,397,111,190],"class_list":["post-71772","post","type-post","status-publish","format-standard","has-post-thumbnail","hentry","category-destaques","category-lazer","category-noticias2","category-regiao","category-ribeira-do-pombal","category-seguranca","tag-adustina","tag-antas","tag-araci","tag-cicero-dantas","tag-cipo-2","tag-crisopolis-2","tag-euclides-da-cunha","tag-fatima","tag-heliopolis-2","tag-itapicuru","tag-jeremoabo","tag-nova-soure","tag-novo-triunfo","tag-olindina","tag-paripiranga","tag-pombal-folia","tag-quijingue","tag-ribeira-do-amparo","tag-ribeira-do-pombal","tag-seguranca","tag-sitio-do-quinto","tag-tucano"],"aioseo_notices":[],"_links":{"self":[{"href":"https:\/\/www.portalalerta.com.br\/index.php\/wp-json\/wp\/v2\/posts\/71772","targetHints":{"allow":["GET"]}}],"collection":[{"href":"https:\/\/www.portalalerta.com.br\/index.php\/wp-json\/wp\/v2\/posts"}],"about":[{"href":"https:\/\/www.portalalerta.com.br\/index.php\/wp-json\/wp\/v2\/types\/post"}],"author":[{"embeddable":true,"href":"https:\/\/www.portalalerta.com.br\/index.php\/wp-json\/wp\/v2\/users\/2"}],"replies":[{"embeddable":true,"href":"https:\/\/www.portalalerta.com.br\/index.php\/wp-json\/wp\/v2\/comments?post=71772"}],"version-history":[{"count":1,"href":"https:\/\/www.portalalerta.com.br\/index.php\/wp-json\/wp\/v2\/posts\/71772\/revisions"}],"predecessor-version":[{"id":71774,"href":"https:\/\/www.portalalerta.com.br\/index.php\/wp-json\/wp\/v2\/posts\/71772\/revisions\/71774"}],"wp:featuredmedia":[{"embeddable":true,"href":"https:\/\/www.portalalerta.com.br\/index.php\/wp-json\/wp\/v2\/media\/71770"}],"wp:attachment":[{"href":"https:\/\/www.portalalerta.com.br\/index.php\/wp-json\/wp\/v2\/media?parent=71772"}],"wp:term":[{"taxonomy":"category","embeddable":true,"href":"https:\/\/www.portalalerta.com.br\/index.php\/wp-json\/wp\/v2\/categories?post=71772"},{"taxonomy":"post_tag","embeddable":true,"href":"https:\/\/www.portalalerta.com.br\/index.php\/wp-json\/wp\/v2\/tags?post=71772"}],"curies":[{"name":"wp","href":"https:\/\/api.w.org\/{rel}","templated":true}]}}