{"id":71782,"date":"2025-05-13T07:00:00","date_gmt":"2025-05-13T10:00:00","guid":{"rendered":"https:\/\/www.portalalerta.com.br\/?p=71782"},"modified":"2025-05-12T22:56:54","modified_gmt":"2025-05-13T01:56:54","slug":"moraes-nega-suspensao-de-processo-contra-carla-zambelli","status":"publish","type":"post","link":"https:\/\/www.portalalerta.com.br\/index.php\/2025\/05\/13\/moraes-nega-suspensao-de-processo-contra-carla-zambelli\/","title":{"rendered":"Moraes nega suspens\u00e3o de processo contra Carla Zambelli"},"content":{"rendered":"\n<p>Primeira Turma j\u00e1 formou maioria para condenar a parlamentar<\/p>\n\n\n\n<!--more-->\n\n\n\n<p><strong>O ministro Alexandre de Moraes, do Supremo Tribunal Federal (STF), negou nesta segunda-feira (12) o pedido para suspender o processo que pode condenar a deputada Carla Zambelli (PL-SP) pela invas\u00e3o ao sistema eletr\u00f4nico do Conselho Nacional de Justi\u00e7a (CNJ), ocorrido em 2023.<\/strong><\/p>\n\n\n\n<p>At\u00e9 o momento,&nbsp;<strong>a Primeira Turma da Corte<a href=\"http:\/\/agenciabrasil.ebc.com.br\/justica\/noticia\/2025-05\/maioria-do-stf-vota-para-condenar-zambelli-10-anos-de-prisao\">&nbsp;j\u00e1 formou maioria de 4 votos a 0 para condenar a parlamentar&nbsp;<\/a>a 10 anos de pris\u00e3o<\/strong>, no entanto, o julgamento virtual, que come\u00e7ou na sexta-feira (9), ainda n\u00e3o foi encerrado. Falta o voto do ministro Luiz Fux.<\/p>\n\n\n\n<p>Diante do placar desfavor\u00e1vel,&nbsp; a defesa de Zambelli pediu a suspens\u00e3o da a\u00e7\u00e3o penal ao STF e informou que a lideran\u00e7a do PL tamb\u00e9m requereu \u00e0 C\u00e2mara dos Deputados a suspens\u00e3o do processo com base no mesmo argumento que motivou o trancamento parcial da a\u00e7\u00e3o sobre a trama golpista contra o deputado Alexandre Ramagem (PL-RJ).<\/p>\n\n\n\n<p>A possibilidade de suspens\u00e3o de processos contra deputados federais e senadores est\u00e1 prevista na Constitui\u00e7\u00e3o. Conforme o Artigo 53, a C\u00e2mara e o Senado podem suspender uma a\u00e7\u00e3o penal contra um parlamentar, contudo, a paralisa\u00e7\u00e3o s\u00f3 vale para crimes cometidos ap\u00f3s a diploma\u00e7\u00e3o.&nbsp;<\/p>\n\n\n\n<p><strong>Na decis\u00e3o, Moraes entendeu que&nbsp;<a href=\"http:\/\/agenciabrasil.ebc.com.br\/justica\/noticia\/2025-05\/por-unanimidade-stf-mantem-em-parte-acao-do-golpe-contra-ramagem\">a vota\u00e7\u00e3o do caso Ramagem<\/a>&nbsp;n\u00e3o pode ser aplicada ao processo de Zambelli.<\/strong><\/p>\n\n\n\n<p>Segundo o ministro, as acusa\u00e7\u00f5es contra Zambelli ocorreram antes da diploma\u00e7\u00e3o do atual mandato, ocorrida em dezembro de 2022. Conforme a acusa\u00e7\u00e3o da Procuradoria-Geral da Rep\u00fablica (PGR), as tratativas para a invas\u00e3o do site do CNJ ocorreram a partir de agosto de 2022.<\/p>\n\n\n\n<p>&#8220;Na presente hip\u00f3tese, al\u00e9m do fato de inexistir qualquer pronunciamento da C\u00e2mara dos Deputados, nenhum dos requisitos constitucionais para a aplica\u00e7\u00e3o do \u00a7 3\u00ba, do artigo 53 da Constitui\u00e7\u00e3o Federal est\u00e1 presente&#8221;, afirmou.<\/p>\n\n\n\n<p><a href=\"https:\/\/agenciabrasil.ebc.com.br\/justica\/noticia\/2024-04\/pgr-denuncia-zambelli-e-hacker-por-invasao-ao-sistema-do-cnj\"><strong>Conforme den\u00fancia da PGR<\/strong><\/a>, Zambelli foi a autora intelectual da invas\u00e3o para emiss\u00e3o de um mandato falso de pris\u00e3o contra o ministro Alexandre de Moraes. Segundo as investiga\u00e7\u00f5es, o hackeamento foi executado pelo hacker Walter Delgatti, que confirmou ter realizado o trabalho a mando da parlamentar.<\/p>\n\n\n\n<p><strong>Defesas<\/strong><\/p>\n\n\n\n<p>A defesa de Carla Zambelli nega a imputa\u00e7\u00e3o dos crimes e acusa Delgatti de mentir. Os advogados do hacker reafirmaram que ele atuou a mando da deputada.&nbsp;<\/p>\n\n\n\n<p><em>Fonte: ag\u00eancia Brasil<\/em><\/p>\n","protected":false},"excerpt":{"rendered":"<p>Primeira Turma j\u00e1 formou maioria para condenar a parlamentar<\/p>\n","protected":false},"author":2,"featured_media":24230,"comment_status":"open","ping_status":"open","sticky":false,"template":"","format":"standard","meta":{"om_disable_all_campaigns":false,"_monsterinsights_skip_tracking":false,"_monsterinsights_sitenote_active":false,"_monsterinsights_sitenote_note":"","_monsterinsights_sitenote_category":0,"footnotes":""},"categories":[34,70,69],"tags":[100,1173,71,48,3656,75,4178,4180,129,107,4181,132,230,106,203,120,51,109,88,47,111,216,190],"class_list":["post-71782","post","type-post","status-publish","format-standard","has-post-thumbnail","hentry","category-brasil","category-destaques","category-noticias2","tag-adustina","tag-alexandre-de-moraes","tag-antas","tag-araci","tag-carla-zambelli","tag-cicero-dantas","tag-cipo-2","tag-crisopolis-2","tag-euclides-da-cunha","tag-fatima","tag-heliopolis-2","tag-itapicuru","tag-jeremoabo","tag-nova-soure","tag-novo-triunfo","tag-olindina","tag-paripiranga","tag-quijingue","tag-ribeira-do-amparo","tag-ribeira-do-pombal","tag-sitio-do-quinto","tag-stf","tag-tucano"],"aioseo_notices":[],"_links":{"self":[{"href":"https:\/\/www.portalalerta.com.br\/index.php\/wp-json\/wp\/v2\/posts\/71782","targetHints":{"allow":["GET"]}}],"collection":[{"href":"https:\/\/www.portalalerta.com.br\/index.php\/wp-json\/wp\/v2\/posts"}],"about":[{"href":"https:\/\/www.portalalerta.com.br\/index.php\/wp-json\/wp\/v2\/types\/post"}],"author":[{"embeddable":true,"href":"https:\/\/www.portalalerta.com.br\/index.php\/wp-json\/wp\/v2\/users\/2"}],"replies":[{"embeddable":true,"href":"https:\/\/www.portalalerta.com.br\/index.php\/wp-json\/wp\/v2\/comments?post=71782"}],"version-history":[{"count":1,"href":"https:\/\/www.portalalerta.com.br\/index.php\/wp-json\/wp\/v2\/posts\/71782\/revisions"}],"predecessor-version":[{"id":71783,"href":"https:\/\/www.portalalerta.com.br\/index.php\/wp-json\/wp\/v2\/posts\/71782\/revisions\/71783"}],"wp:featuredmedia":[{"embeddable":true,"href":"https:\/\/www.portalalerta.com.br\/index.php\/wp-json\/wp\/v2\/media\/24230"}],"wp:attachment":[{"href":"https:\/\/www.portalalerta.com.br\/index.php\/wp-json\/wp\/v2\/media?parent=71782"}],"wp:term":[{"taxonomy":"category","embeddable":true,"href":"https:\/\/www.portalalerta.com.br\/index.php\/wp-json\/wp\/v2\/categories?post=71782"},{"taxonomy":"post_tag","embeddable":true,"href":"https:\/\/www.portalalerta.com.br\/index.php\/wp-json\/wp\/v2\/tags?post=71782"}],"curies":[{"name":"wp","href":"https:\/\/api.w.org\/{rel}","templated":true}]}}