{"id":71784,"date":"2025-05-13T07:01:00","date_gmt":"2025-05-13T10:01:00","guid":{"rendered":"https:\/\/www.portalalerta.com.br\/?p=71784"},"modified":"2025-05-12T23:02:29","modified_gmt":"2025-05-13T02:02:29","slug":"ribeira-do-pombal-se-destaca-no-ifdm-2023-com-avancos-em-educacao-e-saude","status":"publish","type":"post","link":"https:\/\/www.portalalerta.com.br\/index.php\/2025\/05\/13\/ribeira-do-pombal-se-destaca-no-ifdm-2023-com-avancos-em-educacao-e-saude\/","title":{"rendered":"Ribeira do Pombal se destaca no IFDM 2023 com avan\u00e7os em Educa\u00e7\u00e3o e Sa\u00fade"},"content":{"rendered":"\n<p>Ribeira do Pombal obteve destaque no \u00cdndice Firjan de Desenvolvimento Municipal (IFDM) referente ao ano base de 2023, alcan\u00e7ando pontua\u00e7\u00e3o 0,5502. O \u00edndice \u00e9 calculado com base nos dados das \u00e1reas de Educa\u00e7\u00e3o, Sa\u00fade e Emprego &amp; Renda.<\/p>\n\n\n\n<!--more-->\n\n\n<div class=\"wp-block-image\">\n<figure class=\"alignleft size-large is-resized\"><img fetchpriority=\"high\" decoding=\"async\" src=\"https:\/\/www.portalalerta.com.br\/wp-content\/uploads\/2024\/04\/autoescola-emprego-1024x1024.jpg\" alt=\"\" class=\"wp-image-55693\" width=\"385\" height=\"385\" srcset=\"https:\/\/www.portalalerta.com.br\/wp-content\/uploads\/2024\/04\/autoescola-emprego-1024x1024.jpg 1024w, https:\/\/www.portalalerta.com.br\/wp-content\/uploads\/2024\/04\/autoescola-emprego-240x240.jpg 240w, https:\/\/www.portalalerta.com.br\/wp-content\/uploads\/2024\/04\/autoescola-emprego-768x768.jpg 768w, https:\/\/www.portalalerta.com.br\/wp-content\/uploads\/2024\/04\/autoescola-emprego.jpg 1080w\" sizes=\"(max-width: 385px) 100vw, 385px\" \/><\/figure><\/div>\n\n\n<p>Os melhores resultados do munic\u00edpio foram registrados nas \u00e1reas de Educa\u00e7\u00e3o e Sa\u00fade, refletindo os investimentos feitos pela gest\u00e3o municipal na reestrutura\u00e7\u00e3o de escolas, qualifica\u00e7\u00e3o de profissionais e amplia\u00e7\u00e3o dos atendimentos na rede p\u00fablica de sa\u00fade.<\/p>\n\n\n\n<p>\u201cO \u00edndice confirma que estamos trilhando um caminho de crescimento s\u00f3lido, com foco em cuidar das pessoas e planejar o futuro com responsabilidade\u201d, afirmou o prefeito Eriksson Silva.<\/p>\n\n\n\n<p>O resultado refor\u00e7a o compromisso da administra\u00e7\u00e3o municipal com o desenvolvimento e com a melhoria cont\u00ednua da qualidade de vida da popula\u00e7\u00e3o.<\/p>\n\n\n\n<p><em>Fonte: SECOM\/ Ribeira do Pombal<\/em><\/p>\n","protected":false},"excerpt":{"rendered":"<p>Ribeira do Pombal obteve destaque no \u00cdndice Firjan de Desenvolvimento Municipal (IFDM) referente ao ano base de 2023, alcan\u00e7ando pontua\u00e7\u00e3o 0,5502. O \u00edndice \u00e9 calculado com base nos dados das \u00e1reas de Educa\u00e7\u00e3o, Sa\u00fade e Emprego &amp; Renda.<\/p>\n","protected":false},"author":2,"featured_media":24445,"comment_status":"open","ping_status":"open","sticky":false,"template":"","format":"standard","meta":{"om_disable_all_campaigns":false,"_monsterinsights_skip_tracking":false,"_monsterinsights_sitenote_active":false,"_monsterinsights_sitenote_note":"","_monsterinsights_sitenote_category":0,"footnotes":""},"categories":[70,69,32,3],"tags":[100,71,48,75,4178,4180,129,107,7963,4181,132,230,106,203,120,51,109,88,47,111,190],"class_list":["post-71784","post","type-post","status-publish","format-standard","has-post-thumbnail","hentry","category-destaques","category-noticias2","category-regiao","category-ribeira-do-pombal","tag-adustina","tag-antas","tag-araci","tag-cicero-dantas","tag-cipo-2","tag-crisopolis-2","tag-euclides-da-cunha","tag-fatima","tag-firjan","tag-heliopolis-2","tag-itapicuru","tag-jeremoabo","tag-nova-soure","tag-novo-triunfo","tag-olindina","tag-paripiranga","tag-quijingue","tag-ribeira-do-amparo","tag-ribeira-do-pombal","tag-sitio-do-quinto","tag-tucano"],"aioseo_notices":[],"_links":{"self":[{"href":"https:\/\/www.portalalerta.com.br\/index.php\/wp-json\/wp\/v2\/posts\/71784","targetHints":{"allow":["GET"]}}],"collection":[{"href":"https:\/\/www.portalalerta.com.br\/index.php\/wp-json\/wp\/v2\/posts"}],"about":[{"href":"https:\/\/www.portalalerta.com.br\/index.php\/wp-json\/wp\/v2\/types\/post"}],"author":[{"embeddable":true,"href":"https:\/\/www.portalalerta.com.br\/index.php\/wp-json\/wp\/v2\/users\/2"}],"replies":[{"embeddable":true,"href":"https:\/\/www.portalalerta.com.br\/index.php\/wp-json\/wp\/v2\/comments?post=71784"}],"version-history":[{"count":1,"href":"https:\/\/www.portalalerta.com.br\/index.php\/wp-json\/wp\/v2\/posts\/71784\/revisions"}],"predecessor-version":[{"id":71785,"href":"https:\/\/www.portalalerta.com.br\/index.php\/wp-json\/wp\/v2\/posts\/71784\/revisions\/71785"}],"wp:featuredmedia":[{"embeddable":true,"href":"https:\/\/www.portalalerta.com.br\/index.php\/wp-json\/wp\/v2\/media\/24445"}],"wp:attachment":[{"href":"https:\/\/www.portalalerta.com.br\/index.php\/wp-json\/wp\/v2\/media?parent=71784"}],"wp:term":[{"taxonomy":"category","embeddable":true,"href":"https:\/\/www.portalalerta.com.br\/index.php\/wp-json\/wp\/v2\/categories?post=71784"},{"taxonomy":"post_tag","embeddable":true,"href":"https:\/\/www.portalalerta.com.br\/index.php\/wp-json\/wp\/v2\/tags?post=71784"}],"curies":[{"name":"wp","href":"https:\/\/api.w.org\/{rel}","templated":true}]}}