{"id":71796,"date":"2025-05-13T22:37:19","date_gmt":"2025-05-14T01:37:19","guid":{"rendered":"https:\/\/www.portalalerta.com.br\/?p=71796"},"modified":"2025-05-13T23:15:48","modified_gmt":"2025-05-14T02:15:48","slug":"candidata-a-prefeita-no-mexico-e-morta-a-tiros-durante-transmissao-ao-vivo","status":"publish","type":"post","link":"https:\/\/www.portalalerta.com.br\/index.php\/2025\/05\/13\/candidata-a-prefeita-no-mexico-e-morta-a-tiros-durante-transmissao-ao-vivo\/","title":{"rendered":"Candidata a prefeita no M\u00e9xico \u00e9 morta a tiros durante transmiss\u00e3o ao vivo"},"content":{"rendered":"\n<p>Yesenia Lara Guti\u00e9rrez participava de um com\u00edcio no estado de Veracruz quando foi alvejada<\/p>\n\n\n\n<!--more-->\n\n\n\n<p>O que come\u00e7ou como um com\u00edcio festivo rapidamente se transformou em uma cena de terror no estado mexicano de Veracruz: na noite do \u00faltimo domingo (11), a candidata a prefeita Yesenia Lara Guti\u00e9rrez foi morta a tiros junto a outras tr\u00eas pessoas.<\/p>\n\n\n\n<p>Uma transmiss\u00e3o ao vivo no Facebook flagrou o caso. A live mostrou Guti\u00e9rrez cumprimentando os moradores enquanto caminhava pelas ruas do munic\u00edpio de Texistepec, cercada por uma caravana de apoiadores.<\/p>\n\n\n\n<p>A multid\u00e3o foi vista sorrindo e cantando, at\u00e9 que tiros foram ouvidos repentinamente fora das c\u00e2meras, abafando os aplausos. Cerca de 20 tiros foram ouvidos no v\u00eddeo, que ainda estava dispon\u00edvel na p\u00e1gina de Lara no Facebook no dia seguinte.<\/p>\n\n\n\n<p>A presidente mexicana,&nbsp;<a href=\"https:\/\/www.cnnbrasil.com.br\/internacional\/quem-e-claudia-sheinbaum-primeira-mulher-eleita-presidente-do-mexico\/\">Claudia Sheinbaum<\/a>, confirmou o ataque durante uma coletiva de imprensa matinal na segunda-feira (12), mas disse que ainda n\u00e3o tinha informa\u00e7\u00f5es sobre a motiva\u00e7\u00e3o do caso.<\/p>\n\n\n\n<p>Sheinbaum acrescentou que o governo est\u00e1 em coordena\u00e7\u00e3o com autoridades estaduais de Veracruz e ofereceu apoio federal, se necess\u00e1rio, incluindo contato com a procuradoria-geral do Estado.<\/p>\n\n\n\n<p>\u201cEstamos em coordena\u00e7\u00e3o, principalmente com a Secretaria de Seguran\u00e7a, e com todo o apoio necess\u00e1rio durante este per\u00edodo eleitoral de Veracruz e Durango\u201d, disse a presidente, referindo-se \u00e0s pr\u00f3ximas elei\u00e7\u00f5es de 1\u00ba de junho nos dois estados.<\/p>\n\n\n\n<p><strong>Posicionamento sobre o caso e promessa de justi\u00e7a<\/strong><\/p>\n\n\n\n<p>A candidata a prefeita integrava o partido Morena, do qual a presidente Sheinbaum faz parte, e est\u00e1 entre as quatro pessoas mortas no tiroteio, segundo o gabinete do procurador-geral do estado.<\/p>\n\n\n\n<p>Outras tr\u00eas pessoas ficaram feridas, e as autoridades abriram uma investiga\u00e7\u00e3o prometendo justi\u00e7a.<\/p>\n\n\n\n<p>\u201cNenhum cargo ou fun\u00e7\u00e3o vale a vida de uma pessoa. Encontraremos os respons\u00e1veis \u200b\u200bpor este assassinato covarde do candidato de Morena e seus apoiadores em Texistepec\u201d, destacou a governadora de Veracruz, Roc\u00edo Nahle, no X.<\/p>\n\n\n\n<p>A&nbsp;CNN&nbsp;entrou em contato com o partido Morena, o Minist\u00e9rio P\u00fablico e a C\u00e2mara Municipal de Texistepec para obter mais informa\u00e7\u00f5es.<\/p>\n\n\n\n<p><strong>Outros ataques a candidatos no M\u00e9xico<\/strong><\/p>\n\n\n\n<p>Ataques a candidatos pol\u00edticos&nbsp;<a href=\"https:\/\/www.cnnbrasil.com.br\/internacional\/dia-de-votacao-das-eleicoes-no-mexico-e-marcado-por-violencia-e-filas\/\">s\u00e3o comuns durante campanhas eleitorais no M\u00e9xico.<\/a><\/p>\n\n\n\n<p>No ano passado, o pa\u00eds registrou um n\u00famero recorde de v\u00edtimas de viol\u00eancia pol\u00edtico-criminal, com a Data C\u00edvica, uma organiza\u00e7\u00e3o de direitos humanos, relatando 661 ataques a pessoas e instala\u00e7\u00f5es. Muitas das v\u00edtimas ocupavam ou concorriam a cargos municipais.<\/p>\n\n\n\n<p>Em maio de 2024, o candidato a prefeito Alfredo Cabrera foi morto durante uma parada de campanha no estado de Guerrero, no sul do pa\u00eds, em um tiroteio registrado em v\u00eddeo.<\/p>\n\n\n\n<p>Dias depois, Yolanda S\u00e1nchez Figueroa, a prefeita de Cotija, no estado de Michoac\u00e1n,&nbsp;<a href=\"https:\/\/www.cnnbrasil.com.br\/internacional\/prefeita-e-assassinada-a-tiros-em-cidade-mexicana\/\">foi morta a tiros<\/a>&nbsp;enquanto caminhava de uma academia de gin\u00e1stica de volta para casa com seu guarda-costas.<\/p>\n\n\n\n<p>J\u00e1 em outubro, Alejandro Arcos Catal\u00e1n, prefeito de Chilpancingo, capital de Guerrero, foi morto menos de uma semana depois de assumir o cargo.<\/p>\n\n\n\n<p><em>Fonte: CNN<\/em><\/p>\n","protected":false},"excerpt":{"rendered":"<p>Yesenia Lara Guti\u00e9rrez participava de um com\u00edcio no estado de Veracruz quando foi alvejada<\/p>\n","protected":false},"author":2,"featured_media":71794,"comment_status":"open","ping_status":"open","sticky":false,"template":"","format":"standard","meta":{"om_disable_all_campaigns":false,"_monsterinsights_skip_tracking":false,"_monsterinsights_sitenote_active":false,"_monsterinsights_sitenote_note":"","_monsterinsights_sitenote_category":0,"footnotes":""},"categories":[70,35,69,21],"tags":[100,71,48,7967,75,45,46,375,129,107,44,206,132,230,158,339,106,203,120,51,109,88,47,111,190],"class_list":["post-71796","post","type-post","status-publish","format-standard","has-post-thumbnail","hentry","category-destaques","category-mundo","category-noticias2","category-politica","tag-adustina","tag-antas","tag-araci","tag-candidata-a-prefeita","tag-cicero-dantas","tag-cipo","tag-crisopolis","tag-disparos-de-arma-de-fogo","tag-euclides-da-cunha","tag-fatima","tag-heliopolis","tag-homicidio","tag-itapicuru","tag-jeremoabo","tag-mexico","tag-mundo","tag-nova-soure","tag-novo-triunfo","tag-olindina","tag-paripiranga","tag-quijingue","tag-ribeira-do-amparo","tag-ribeira-do-pombal","tag-sitio-do-quinto","tag-tucano"],"aioseo_notices":[],"_links":{"self":[{"href":"https:\/\/www.portalalerta.com.br\/index.php\/wp-json\/wp\/v2\/posts\/71796","targetHints":{"allow":["GET"]}}],"collection":[{"href":"https:\/\/www.portalalerta.com.br\/index.php\/wp-json\/wp\/v2\/posts"}],"about":[{"href":"https:\/\/www.portalalerta.com.br\/index.php\/wp-json\/wp\/v2\/types\/post"}],"author":[{"embeddable":true,"href":"https:\/\/www.portalalerta.com.br\/index.php\/wp-json\/wp\/v2\/users\/2"}],"replies":[{"embeddable":true,"href":"https:\/\/www.portalalerta.com.br\/index.php\/wp-json\/wp\/v2\/comments?post=71796"}],"version-history":[{"count":1,"href":"https:\/\/www.portalalerta.com.br\/index.php\/wp-json\/wp\/v2\/posts\/71796\/revisions"}],"predecessor-version":[{"id":71797,"href":"https:\/\/www.portalalerta.com.br\/index.php\/wp-json\/wp\/v2\/posts\/71796\/revisions\/71797"}],"wp:featuredmedia":[{"embeddable":true,"href":"https:\/\/www.portalalerta.com.br\/index.php\/wp-json\/wp\/v2\/media\/71794"}],"wp:attachment":[{"href":"https:\/\/www.portalalerta.com.br\/index.php\/wp-json\/wp\/v2\/media?parent=71796"}],"wp:term":[{"taxonomy":"category","embeddable":true,"href":"https:\/\/www.portalalerta.com.br\/index.php\/wp-json\/wp\/v2\/categories?post=71796"},{"taxonomy":"post_tag","embeddable":true,"href":"https:\/\/www.portalalerta.com.br\/index.php\/wp-json\/wp\/v2\/tags?post=71796"}],"curies":[{"name":"wp","href":"https:\/\/api.w.org\/{rel}","templated":true}]}}