{"id":71803,"date":"2025-05-13T22:30:46","date_gmt":"2025-05-14T01:30:46","guid":{"rendered":"https:\/\/www.portalalerta.com.br\/?p=71803"},"modified":"2025-05-13T22:30:48","modified_gmt":"2025-05-14T01:30:48","slug":"vitima-reconhece-veiculo-furtado-ha-um-mes-em-ribeira-do-pombal-ba-em-anuncio-de-venda-em-fatima-ba-vendedor-foi-levado-a-delegacia","status":"publish","type":"post","link":"https:\/\/www.portalalerta.com.br\/index.php\/2025\/05\/13\/vitima-reconhece-veiculo-furtado-ha-um-mes-em-ribeira-do-pombal-ba-em-anuncio-de-venda-em-fatima-ba-vendedor-foi-levado-a-delegacia\/","title":{"rendered":"V\u00edtima reconhece ve\u00edculo furtado h\u00e1 um m\u00eas em Ribeira do Pombal-BA, em an\u00fancio de venda em F\u00e1tima-BA. \u201cVendedor\u201d foi levado \u00e0 Delegacia!"},"content":{"rendered":"\n<p>Por volta das 16h da \u00faltima segunda-feira (12), policiais militares do munic\u00edpio de F\u00e1tima-BA, foram solicitados por um morador do munic\u00edpio de Ribeira do Pombal-BA, que afirmava ter sido furtado no dia 15 de abril do corrente ano, em seu munic\u00edpio de origem. A v\u00edtima afirmou ainda, ter reconhecido o produto do furto, no caso, uma motocicleta Honda Biz, demais dados n\u00e3o divulgados, sendo anunciado numa plataforma de venda (facebook).<\/p>\n\n\n\n<!--more-->\n\n\n<div class=\"wp-block-image\">\n<figure class=\"alignleft size-large is-resized\"><img decoding=\"async\" src=\"https:\/\/www.portalalerta.com.br\/wp-content\/uploads\/2025\/05\/Real-dia-das-maes-2025-819x1024.jpeg\" alt=\"\" class=\"wp-image-71620\" width=\"435\" srcset=\"https:\/\/www.portalalerta.com.br\/wp-content\/uploads\/2025\/05\/Real-dia-das-maes-2025-819x1024.jpeg 819w, https:\/\/www.portalalerta.com.br\/wp-content\/uploads\/2025\/05\/Real-dia-das-maes-2025-192x240.jpeg 192w, https:\/\/www.portalalerta.com.br\/wp-content\/uploads\/2025\/05\/Real-dia-das-maes-2025-768x960.jpeg 768w, https:\/\/www.portalalerta.com.br\/wp-content\/uploads\/2025\/05\/Real-dia-das-maes-2025.jpeg 1024w\" sizes=\"(max-width: 819px) 100vw, 819px\" \/><\/figure><\/div>\n\n\n<p>Ao mostrar interesse pelo ve\u00edculo, a v\u00edtima marcou para se encontrar com o \u201cvendedor\u201d, na Av. Nossa Senhora de F\u00e1tima, entrada da cidade. No hor\u00e1rio e local marcado, todos se dirigiram at\u00e9 o local, inclusive os policiais, que ao verificarem os dados da motocicleta, constataram se tratar da mesma furtada h\u00e1 um m\u00eas em Ribeira do Pombal, por\u00e9m a mesma n\u00e3o consta com restri\u00e7\u00f5es nos Sistemas de Seguran\u00e7a P\u00fablica.<\/p>\n\n\n\n<p>O suposto vendedor, afirmou tamb\u00e9m ter sido v\u00edtima, tendo em vista que alega ter adquirido a moto por meio de troca em um carro.<\/p>\n\n\n\n<p>Todos foram conduzidos e apresentados na Delegacia de Pol\u00edcia Civil da cidade, onde o caso est\u00e1 sendo tratado inicialmente como recepta\u00e7\u00e3o.<\/p>\n\n\n\n<p><em>Reda\u00e7\u00e3o: Portal Alerta<\/em><\/p>\n","protected":false},"excerpt":{"rendered":"<p>Por volta das 16h da \u00faltima segunda-feira (12), policiais militares do munic\u00edpio de F\u00e1tima-BA, foram solicitados por um morador do munic\u00edpio de Ribeira do Pombal-BA, que afirmava ter sido furtado no dia 15 de abril do corrente ano, em seu munic\u00edpio de origem. A v\u00edtima afirmou ainda, ter reconhecido o produto do furto, no caso, &hellip;<\/p>\n","protected":false},"author":2,"featured_media":71793,"comment_status":"open","ping_status":"open","sticky":false,"template":"","format":"standard","meta":{"om_disable_all_campaigns":false,"_monsterinsights_skip_tracking":false,"_monsterinsights_sitenote_active":false,"_monsterinsights_sitenote_note":"","_monsterinsights_sitenote_category":0,"footnotes":""},"categories":[70,10,69,32,3,22],"tags":[182,100,71,48,75,4178,4180,129,107,1531,4181,132,230,106,203,120,51,79,109,119,88,47,111,190,102],"class_list":["post-71803","post","type-post","status-publish","format-standard","has-post-thumbnail","hentry","category-destaques","category-fatima","category-noticias2","category-regiao","category-ribeira-do-pombal","category-seguranca","tag-21a-cipm","tag-adustina","tag-antas","tag-araci","tag-cicero-dantas","tag-cipo-2","tag-crisopolis-2","tag-euclides-da-cunha","tag-fatima","tag-furto-de-moto","tag-heliopolis-2","tag-itapicuru","tag-jeremoabo","tag-nova-soure","tag-novo-triunfo","tag-olindina","tag-paripiranga","tag-policia-militar","tag-quijingue","tag-receptacao","tag-ribeira-do-amparo","tag-ribeira-do-pombal","tag-sitio-do-quinto","tag-tucano","tag-veiculo-recuperado"],"aioseo_notices":[],"_links":{"self":[{"href":"https:\/\/www.portalalerta.com.br\/index.php\/wp-json\/wp\/v2\/posts\/71803","targetHints":{"allow":["GET"]}}],"collection":[{"href":"https:\/\/www.portalalerta.com.br\/index.php\/wp-json\/wp\/v2\/posts"}],"about":[{"href":"https:\/\/www.portalalerta.com.br\/index.php\/wp-json\/wp\/v2\/types\/post"}],"author":[{"embeddable":true,"href":"https:\/\/www.portalalerta.com.br\/index.php\/wp-json\/wp\/v2\/users\/2"}],"replies":[{"embeddable":true,"href":"https:\/\/www.portalalerta.com.br\/index.php\/wp-json\/wp\/v2\/comments?post=71803"}],"version-history":[{"count":2,"href":"https:\/\/www.portalalerta.com.br\/index.php\/wp-json\/wp\/v2\/posts\/71803\/revisions"}],"predecessor-version":[{"id":71805,"href":"https:\/\/www.portalalerta.com.br\/index.php\/wp-json\/wp\/v2\/posts\/71803\/revisions\/71805"}],"wp:featuredmedia":[{"embeddable":true,"href":"https:\/\/www.portalalerta.com.br\/index.php\/wp-json\/wp\/v2\/media\/71793"}],"wp:attachment":[{"href":"https:\/\/www.portalalerta.com.br\/index.php\/wp-json\/wp\/v2\/media?parent=71803"}],"wp:term":[{"taxonomy":"category","embeddable":true,"href":"https:\/\/www.portalalerta.com.br\/index.php\/wp-json\/wp\/v2\/categories?post=71803"},{"taxonomy":"post_tag","embeddable":true,"href":"https:\/\/www.portalalerta.com.br\/index.php\/wp-json\/wp\/v2\/tags?post=71803"}],"curies":[{"name":"wp","href":"https:\/\/api.w.org\/{rel}","templated":true}]}}