{"id":71806,"date":"2025-05-13T22:36:22","date_gmt":"2025-05-14T01:36:22","guid":{"rendered":"https:\/\/www.portalalerta.com.br\/?p=71806"},"modified":"2025-05-13T23:26:54","modified_gmt":"2025-05-14T02:26:54","slug":"concurso-pm-se-suspenso-sao-335-vagas-e-r-92-mil","status":"publish","type":"post","link":"https:\/\/www.portalalerta.com.br\/index.php\/2025\/05\/13\/concurso-pm-se-suspenso-sao-335-vagas-e-r-92-mil\/","title":{"rendered":"Concurso PM SE: suspenso! S\u00e3o 335 vagas e R$ 9,2 mil"},"content":{"rendered":"\n<p><strong><em>Editais do concurso PM SE oferecem oportunidades para Oficial, Oficial de Sa\u00fade e Soldado. Resultados divulgados!<\/em><\/strong><\/p>\n\n\n\n<!--more-->\n\n\n\n<p><strong>A Justi\u00e7a determinou a&nbsp;suspens\u00e3o das atividades&nbsp;do&nbsp;concurso p\u00fablico PM SE&nbsp;(<a href=\"https:\/\/www.estrategiaconcursos.com.br\/cursosPorConcurso\/policia-militar-de-sergipe-pm-se\/\" target=\"_blank\" rel=\"noreferrer noopener\">Pol\u00edcia Militar do Estado de Sergipe<\/a>). A medida se deu ap\u00f3s a\u00e7\u00e3o movida por uma candidata reprovada do teste de aptid\u00e3o f\u00edsica.<\/strong><\/p>\n\n\n\n<p><strong>Entre as alega\u00e7\u00f5es, a decis\u00e3o cita a realiza\u00e7\u00e3o dos testes depois das 10 horas, crit\u00e9rios n\u00e3o uniformes pelos examinadores e interfer\u00eancia indevida do ordenador da banca nas avalia\u00e7\u00f5es.&nbsp;<a href=\"https:\/\/www.estrategiaconcursos.com.br\/blog\/justica-determina-suspensao-concurso-pm-se\/\" target=\"_blank\" rel=\"noreferrer noopener\">Veja mais detalhes!<\/a><\/strong><\/p>\n\n\n\n<p><strong>Vale lembrar que est\u00e3o dispon\u00edveis os resultados definitivos da prova discursiva e os resultados preliminares do teste f\u00edsico, realizado em 24 de abril.<\/strong><\/p>\n\n\n\n<ul class=\"wp-block-list\">\n<li><strong>Resultado preliminar \u2013 TAF:&nbsp;<a href=\"https:\/\/dhg1h5j42swfq.cloudfront.net\/2025\/05\/12151732\/resultado-preliminar-taf-pm-se-oficial.pdf\" target=\"_blank\" rel=\"noreferrer noopener\">Oficial<\/a>&nbsp;|&nbsp;<a href=\"https:\/\/dhg1h5j42swfq.cloudfront.net\/2025\/05\/12151730\/resultado-preliminar-taf-pm-se-saude.pdf\" target=\"_blank\" rel=\"noreferrer noopener\">Oficial de Sa\u00fade<\/a>&nbsp;|&nbsp;<a href=\"https:\/\/dhg1h5j42swfq.cloudfront.net\/2025\/05\/12151735\/resultado-preliminar-taf-pm-se-soldado.pdf\" target=\"_blank\" rel=\"noreferrer noopener\">Soldado<\/a><\/strong><\/li>\n\n\n\n<li><strong>Resultado final \u2013 prova discursiva:&nbsp;<a href=\"https:\/\/dhg1h5j42swfq.cloudfront.net\/2025\/04\/23115737\/19e32969-489a-4f0f-bf16-0b6266854652.pdf\" target=\"_blank\" rel=\"noreferrer noopener\">Oficial<\/a>&nbsp;|&nbsp;<a href=\"https:\/\/dhg1h5j42swfq.cloudfront.net\/2025\/04\/23115813\/9433b29a-8c50-4a02-ad5c-8e810bccf1f3.pdf\" target=\"_blank\" rel=\"noreferrer noopener\">Oficial de Sa\u00fade<\/a>&nbsp;|&nbsp;<a href=\"https:\/\/dhg1h5j42swfq.cloudfront.net\/2025\/04\/23115656\/7e2cebc5-1210-4832-b9e8-b731caf99cea.pdf\" target=\"_blank\" rel=\"noreferrer noopener\">Soldado<\/a><\/strong><\/li>\n<\/ul>\n\n\n\n<p><strong>S\u00e3o ofertadas&nbsp;335 vagas&nbsp;para Soldado e Oficial, distribu\u00eddas nas \u00e1reas de Combatente, M\u00e9dico Veterin\u00e1rio, Cirurgi\u00e3o Dentista, M\u00e9dico Psiquiatra e M\u00e9dico Endocrinologista. Os sal\u00e1rios variam de&nbsp;R$ 3.370,00 a R$ 9.236,39.<\/strong><\/p>\n\n\n\n<p><em>Fonte: Estrat\u00e9gia concursos<\/em><\/p>\n","protected":false},"excerpt":{"rendered":"<p>Editais do concurso PM SE oferecem oportunidades para Oficial, Oficial de Sa\u00fade e Soldado. Resultados divulgados!<\/p>\n","protected":false},"author":2,"featured_media":9290,"comment_status":"open","ping_status":"open","sticky":false,"template":"","format":"standard","meta":{"om_disable_all_campaigns":false,"_monsterinsights_skip_tracking":false,"_monsterinsights_sitenote_active":false,"_monsterinsights_sitenote_note":"","_monsterinsights_sitenote_category":0,"footnotes":""},"categories":[34,70,69,22],"tags":[100,71,48,75,4178,3034,4180,129,107,4181,132,230,106,203,120,51,7969,79,109,88,47,111,748,190],"class_list":["post-71806","post","type-post","status-publish","format-standard","has-post-thumbnail","hentry","category-brasil","category-destaques","category-noticias2","category-seguranca","tag-adustina","tag-antas","tag-araci","tag-cicero-dantas","tag-cipo-2","tag-concurso-publico","tag-crisopolis-2","tag-euclides-da-cunha","tag-fatima","tag-heliopolis-2","tag-itapicuru","tag-jeremoabo","tag-nova-soure","tag-novo-triunfo","tag-olindina","tag-paripiranga","tag-pmse","tag-policia-militar","tag-quijingue","tag-ribeira-do-amparo","tag-ribeira-do-pombal","tag-sitio-do-quinto","tag-suspensao","tag-tucano"],"aioseo_notices":[],"_links":{"self":[{"href":"https:\/\/www.portalalerta.com.br\/index.php\/wp-json\/wp\/v2\/posts\/71806","targetHints":{"allow":["GET"]}}],"collection":[{"href":"https:\/\/www.portalalerta.com.br\/index.php\/wp-json\/wp\/v2\/posts"}],"about":[{"href":"https:\/\/www.portalalerta.com.br\/index.php\/wp-json\/wp\/v2\/types\/post"}],"author":[{"embeddable":true,"href":"https:\/\/www.portalalerta.com.br\/index.php\/wp-json\/wp\/v2\/users\/2"}],"replies":[{"embeddable":true,"href":"https:\/\/www.portalalerta.com.br\/index.php\/wp-json\/wp\/v2\/comments?post=71806"}],"version-history":[{"count":3,"href":"https:\/\/www.portalalerta.com.br\/index.php\/wp-json\/wp\/v2\/posts\/71806\/revisions"}],"predecessor-version":[{"id":71847,"href":"https:\/\/www.portalalerta.com.br\/index.php\/wp-json\/wp\/v2\/posts\/71806\/revisions\/71847"}],"wp:featuredmedia":[{"embeddable":true,"href":"https:\/\/www.portalalerta.com.br\/index.php\/wp-json\/wp\/v2\/media\/9290"}],"wp:attachment":[{"href":"https:\/\/www.portalalerta.com.br\/index.php\/wp-json\/wp\/v2\/media?parent=71806"}],"wp:term":[{"taxonomy":"category","embeddable":true,"href":"https:\/\/www.portalalerta.com.br\/index.php\/wp-json\/wp\/v2\/categories?post=71806"},{"taxonomy":"post_tag","embeddable":true,"href":"https:\/\/www.portalalerta.com.br\/index.php\/wp-json\/wp\/v2\/tags?post=71806"}],"curies":[{"name":"wp","href":"https:\/\/api.w.org\/{rel}","templated":true}]}}