{"id":71813,"date":"2025-05-13T23:05:59","date_gmt":"2025-05-14T02:05:59","guid":{"rendered":"https:\/\/www.portalalerta.com.br\/?p=71813"},"modified":"2025-05-13T23:06:00","modified_gmt":"2025-05-14T02:06:00","slug":"pepe-mujica-ex-presidente-do-uruguai-morre-aos-89-anos","status":"publish","type":"post","link":"https:\/\/www.portalalerta.com.br\/index.php\/2025\/05\/13\/pepe-mujica-ex-presidente-do-uruguai-morre-aos-89-anos\/","title":{"rendered":"Pepe Mujica, ex-presidente do Uruguai, morre aos 89 anos"},"content":{"rendered":"\n<p>Mandat\u00e1rio uruguaio lutava desde 2024 contra um c\u00e2ncer no esf\u00f4fago que se espalhou para o resto do corpo; em janeiro, ele optou por n\u00e3o fazer mais tratamento<\/p>\n\n\n\n<!--more-->\n\n\n\n<p>A voz de uma das principais lideran\u00e7as pol\u00edticas da Am\u00e9rica Latina se calou. O ex-presidente do Uruguai Jos\u00e9 \u201cPepe\u201d Mujica, morreu nesta ter\u00e7a-feira (13) aos 89 anos. A informa\u00e7\u00e3o foi confirmada pelo presidente uruguaio e seu apadrinhado pol\u00edtico, Yamand\u00fa Orsi.<br><br>Mujica lutava desde abril de 2024 contra um c\u00e2ncer no es\u00f4fago que se espalhou para o resto do corpo. Em janeiro, ele afirmou que\u00a0<a href=\"https:\/\/www.band.com.br\/bandnews-fm\/noticias\/pepe-mujica-anuncia-que-cancer-avancou-e-nao-pretende-adotar-novos-tratamentos-202501091933\"><strong>n\u00e3o adotaria novos tratamentos por conta da idade avan\u00e7ada<\/strong><\/a>. Viveu sob cuidados paliativos nos \u00faltimos meses e expressou o desejo de ser enterrado sob uma \u00e1rvore ao lado de sua cadela Manuela.<\/p>\n\n\n\n<p><br>&#8220;O c\u00e2ncer no es\u00f4fago est\u00e1 se espalhando para o f\u00edgado. N\u00e3o consigo impedi-lo. Por qu\u00ea? Porque sou um idoso e porque tenho duas doen\u00e7as cr\u00f4nicas. N\u00e3o posso nem fazer tratamento bioqu\u00edmico nem cirurgia, porque meu corpo n\u00e3o aguenta\u201d, declarou o ex-presidente em entrevista ao jornal B\u00fasqueda.<\/p>\n\n\n<div class=\"wp-block-image\">\n<figure class=\"alignleft size-large is-resized\"><img fetchpriority=\"high\" decoding=\"async\" src=\"https:\/\/www.portalalerta.com.br\/wp-content\/uploads\/2025\/05\/Real-dia-das-maes-2025-819x1024.jpeg\" alt=\"\" class=\"wp-image-71620\" width=\"401\" height=\"501\" srcset=\"https:\/\/www.portalalerta.com.br\/wp-content\/uploads\/2025\/05\/Real-dia-das-maes-2025-819x1024.jpeg 819w, https:\/\/www.portalalerta.com.br\/wp-content\/uploads\/2025\/05\/Real-dia-das-maes-2025-192x240.jpeg 192w, https:\/\/www.portalalerta.com.br\/wp-content\/uploads\/2025\/05\/Real-dia-das-maes-2025-768x960.jpeg 768w, https:\/\/www.portalalerta.com.br\/wp-content\/uploads\/2025\/05\/Real-dia-das-maes-2025.jpeg 1024w\" sizes=\"(max-width: 401px) 100vw, 401px\" \/><\/figure><\/div>\n\n\n<p>Quando Mujica descobriu o tumor, a equipe m\u00e9dica disse que o c\u00e2ncer poderia ser controlado. Em novembro, ele passou por uma cirurgia e instalou um stent &#8211; equipamento utilizado para facilitar a ingest\u00e3o de alimentos, situa\u00e7\u00e3o que havia sido comprometida pelo c\u00e2ncer.<br><br>Luc\u00eda Topolansky, agora vi\u00fava do pol\u00edtico, disse em entrevista \u00e0 r\u00e1dio uruguaia Sarand\u00ed que a situa\u00e7\u00e3o se&nbsp;<a href=\"https:\/\/www.band.com.br\/bandnews-fm\/noticias\/pepe-mujica-se-encontra-em-estado-terminal-e-sob-cuidados-paliativos-diz-esposa-202505122133\"><strong>tratava de um \u201cfinal anunciado\u201d<\/strong><\/a>&nbsp;e que os m\u00e9dicos estavam fazendo de tudo para que ela se resolvesse da melhor forma.&nbsp;<\/p>\n\n\n\n<p><strong>Da enxada \u00e0s armas<\/strong><\/p>\n\n\n\n<p>Jos\u00e9 Alberto Mujica Cordano nasceu em 20 de maio de 1935, em Montevid\u00e9u, filho de pai basco e m\u00e3e italiana. De fam\u00edlia agricultora, conviveu desde cedo com as agruras da vida rural e teve a m\u00e3e como o alicerce de sustento da fam\u00edlia, j\u00e1 que seu pai faleceu quando o pequeno Pepe tinha apenas quatro anos.<br><br>Sua vida pol\u00edtica come\u00e7ou como militante do Movimento de Liberta\u00e7\u00e3o Nacional-Tupamaros, grupo guerrilheiro que lutou contra a ditadura militar uruguaia nas d\u00e9cadas de 1960 e 1970. Capturado em 1972, passou quase 13 anos na cadeia, muitos deles em condi\u00e7\u00f5es desumanas e isolamento, experi\u00eancia que moldou sua vis\u00e3o sobre a vida e a pol\u00edtica.<\/p>\n\n\n\n<p><strong>Das armas \u00e0 democracia<\/strong><\/p>\n\n\n\n<p>Com a redemocratiza\u00e7\u00e3o, Mujica foi liberto e anistiado em 1885. Ajudou a fundar o Movimento de Participa\u00e7\u00e3o Popular (MPP), integrado \u00e0 coaliz\u00e3o de esquerda Frente Ampla. Foi eleito deputado em 1995, senador em 2000 e ministro da Pecu\u00e1ria, Agricultura e Pesca entre 2005 e 2008, durante o governo de Tabar\u00e9 V\u00e1zquez.<br><br>Em 2009, venceu as elei\u00e7\u00f5es presidenciais e governou o Uruguai entre 2010 e 2015. Seu mandato foi marcado por pol\u00edticas progressistas tidas como pioneiras, como a legaliza\u00e7\u00e3o do aborto, do casamento igualit\u00e1rio e da produ\u00e7\u00e3o e consumo de cannabis. Tamb\u00e9m promoveu o aumento do sal\u00e1rio m\u00ednimo, a redu\u00e7\u00e3o da pobreza e o acesso \u00e0 moradia.<\/p>\n\n\n\n<p>Os gastos p\u00fablicos aumentaram, mas os \u00edndices de pobreza no pa\u00eds diminu\u00edram de 18% a 9,7%. A taxa de desemprego ficou em torno de 7%.<\/p>\n\n\n\n<p>Mujica teve uma rela\u00e7\u00e3o bastante pr\u00f3xima com l\u00edderes de esquerda da Am\u00e9rica Latina, como a presidente da Argentina Cristina Kirchner e o presidente Lula. Recentemente, Lula entregou a Mujica a Ordem do Cruzeiro do Sul, mais alta condecora\u00e7\u00e3o oferecida pelo chefe de Estado brasileiro.<\/p>\n\n\n\n<p>O mandat\u00e1rio deixou o governo em 2015, uma vez que n\u00e3o podia se candidatar a um segundo mandato consecutivo seguindo a Constitui\u00e7\u00e3o do Uruguai. Depois da presid\u00eancia voltou ao Senado. Em 2020, renunciou ao mandato citando a pandemia e sua sa\u00fade debilitada como motivos para sua decis\u00e3o. Apesar disso, continuou ativo politicamente, apoiando candidaturas \u2013 como a de Orsi \u2013 e participando de debates p\u00fablicos at\u00e9 seus \u00faltimos dias.<\/p>\n\n\n\n<p><strong>Vida simples<\/strong><\/p>\n\n\n\n<p>Mujica tamb\u00e9m ganhou reconhecimento internacional por recusar privil\u00e9gios e viver um estilo de vida austero. Viveu a vida toda na mesma ch\u00e1cara e doava grande parte de seu sal\u00e1rio presidencial a institui\u00e7\u00f5es de caridade, al\u00e9m de usar roupas simples e andar em um cl\u00e1ssico Fusca azul. Ele foi casado com a tamb\u00e9m pol\u00edtica Luc\u00eda Topolansky, que serviu como vice-presidente do Uruguai no segundo mandato de Tabar\u00e9 Vasquez, e n\u00e3o deixa filhos.<\/p>\n\n\n\n<p><strong>Canal Livre entrevistou Mujica em 2014<\/strong><\/p>\n\n\n\n<p>Em 2014, os jornalistas Fernando Mitre, Ricardo Boechat e F\u00e1bio Pannunzio foram at\u00e9 a casa de Mujica para contar como as pol\u00edticas dele colocaram o Uruguai nos notici\u00e1rios para o&nbsp;<strong>Canal Livre<\/strong>.<\/p>\n\n\n\n<p>Na entrevista, Mujica falou sobre as decis\u00f5es descriminalizando a maconha, que na \u00e9poca gerou pol\u00eamica, e tamb\u00e9m comentou sobre a legaliza\u00e7\u00e3o do aborto e&nbsp;<a href=\"https:\/\/www.band.com.br\/noticias\/canal-livre-foi-ao-uruguai-entrevistar-pepe-mujica-202505131643\"><strong>as marcas que a ditadura deixou no Uruguai<\/strong><\/a>.<\/p>\n\n\n\n<p>\u201cO ponto inicial \u00e9 que tudo o que v\u00ednhamos fazendo n\u00e3o dava resultado. Cada vez havia mais consumidores. E sobretudo, muito pior que o consumo \u00e9 o narcotr\u00e1fico, que aumenta o grau de viol\u00eancia e corrup\u00e7\u00e3o que existe em v\u00e1rias esferas da sociedade\u201d, disse o presidente na \u00e9poca.<\/p>\n\n\n\n<p><em>Fonte: Band.com.br<\/em><\/p>\n","protected":false},"excerpt":{"rendered":"<p>Mandat\u00e1rio uruguaio lutava desde 2024 contra um c\u00e2ncer no esf\u00f4fago que se espalhou para o resto do corpo; em janeiro, ele optou por n\u00e3o fazer mais tratamento<\/p>\n","protected":false},"author":2,"featured_media":71810,"comment_status":"open","ping_status":"open","sticky":false,"template":"","format":"standard","meta":{"om_disable_all_campaigns":false,"_monsterinsights_skip_tracking":false,"_monsterinsights_sitenote_active":false,"_monsterinsights_sitenote_note":"","_monsterinsights_sitenote_category":0,"footnotes":""},"categories":[70,35,69,21],"tags":[100,71,48,75,4178,4180,129,6685,107,4181,132,230,169,106,203,120,51,7972,109,88,47,111,190,1275],"class_list":["post-71813","post","type-post","status-publish","format-standard","has-post-thumbnail","hentry","category-destaques","category-mundo","category-noticias2","category-politica","tag-adustina","tag-antas","tag-araci","tag-cicero-dantas","tag-cipo-2","tag-crisopolis-2","tag-euclides-da-cunha","tag-ex-presidente-2","tag-fatima","tag-heliopolis-2","tag-itapicuru","tag-jeremoabo","tag-morte","tag-nova-soure","tag-novo-triunfo","tag-olindina","tag-paripiranga","tag-pepe-mujica","tag-quijingue","tag-ribeira-do-amparo","tag-ribeira-do-pombal","tag-sitio-do-quinto","tag-tucano","tag-uruguai"],"aioseo_notices":[],"_links":{"self":[{"href":"https:\/\/www.portalalerta.com.br\/index.php\/wp-json\/wp\/v2\/posts\/71813","targetHints":{"allow":["GET"]}}],"collection":[{"href":"https:\/\/www.portalalerta.com.br\/index.php\/wp-json\/wp\/v2\/posts"}],"about":[{"href":"https:\/\/www.portalalerta.com.br\/index.php\/wp-json\/wp\/v2\/types\/post"}],"author":[{"embeddable":true,"href":"https:\/\/www.portalalerta.com.br\/index.php\/wp-json\/wp\/v2\/users\/2"}],"replies":[{"embeddable":true,"href":"https:\/\/www.portalalerta.com.br\/index.php\/wp-json\/wp\/v2\/comments?post=71813"}],"version-history":[{"count":2,"href":"https:\/\/www.portalalerta.com.br\/index.php\/wp-json\/wp\/v2\/posts\/71813\/revisions"}],"predecessor-version":[{"id":71815,"href":"https:\/\/www.portalalerta.com.br\/index.php\/wp-json\/wp\/v2\/posts\/71813\/revisions\/71815"}],"wp:featuredmedia":[{"embeddable":true,"href":"https:\/\/www.portalalerta.com.br\/index.php\/wp-json\/wp\/v2\/media\/71810"}],"wp:attachment":[{"href":"https:\/\/www.portalalerta.com.br\/index.php\/wp-json\/wp\/v2\/media?parent=71813"}],"wp:term":[{"taxonomy":"category","embeddable":true,"href":"https:\/\/www.portalalerta.com.br\/index.php\/wp-json\/wp\/v2\/categories?post=71813"},{"taxonomy":"post_tag","embeddable":true,"href":"https:\/\/www.portalalerta.com.br\/index.php\/wp-json\/wp\/v2\/tags?post=71813"}],"curies":[{"name":"wp","href":"https:\/\/api.w.org\/{rel}","templated":true}]}}