{"id":71859,"date":"2025-05-14T14:15:46","date_gmt":"2025-05-14T17:15:46","guid":{"rendered":"https:\/\/www.portalalerta.com.br\/?p=71859"},"modified":"2025-05-14T14:15:47","modified_gmt":"2025-05-14T17:15:47","slug":"bastidores-da-polemica-de-janja-tem-lula-enquadrando-a-comitiva-e-elmar-nascimento-na-berlinda","status":"publish","type":"post","link":"https:\/\/www.portalalerta.com.br\/index.php\/2025\/05\/14\/bastidores-da-polemica-de-janja-tem-lula-enquadrando-a-comitiva-e-elmar-nascimento-na-berlinda\/","title":{"rendered":"Bastidores da pol\u00eamica de Janja tem Lula enquadrando a comitiva e Elmar Nascimento na berlinda"},"content":{"rendered":"\n<p>A informa\u00e7\u00f5es afirmavam que Janja pediu a palavra para falar sobre os efeitos nocivos do TikTok, app chin\u00eas<\/p>\n\n\n\n<!--more-->\n\n\n\n<p><strong>Janja, Lula, Xi Jinping estiveram envolvidos na &#8220;pol\u00eamica do Tiktok&#8221;<\/strong><\/p>\n\n\n\n<p>A pol\u00eamica envolvendo a primeira-dama&nbsp;<strong>Janja Lula<\/strong>, que chegou at\u00e9 a imprensa, rendeu uma bronca do&nbsp;<strong>Presidente<\/strong>&nbsp;<strong>Lula<\/strong>&nbsp;na comitiva que est\u00e1 com presidente em viagem \u00e0 China. Segundo fontes ouvidas pela reportagem, o presidente enquadrou a equipe e questionou inclusive alguns ministros e autoridades, como o presidente do Senado,&nbsp;<strong>Davi Alcolumbre,<\/strong>&nbsp;sobre o vazamento.&nbsp;<strong>Ningu\u00e9m assumiu a autoria.<\/strong>&nbsp;<\/p>\n\n\n<div class=\"wp-block-image\">\n<figure class=\"alignleft size-large is-resized\"><img fetchpriority=\"high\" decoding=\"async\" src=\"https:\/\/www.portalalerta.com.br\/wp-content\/uploads\/2024\/04\/autoescola-emprego-1024x1024.jpg\" alt=\"\" class=\"wp-image-55693\" width=\"390\" height=\"390\" srcset=\"https:\/\/www.portalalerta.com.br\/wp-content\/uploads\/2024\/04\/autoescola-emprego-1024x1024.jpg 1024w, https:\/\/www.portalalerta.com.br\/wp-content\/uploads\/2024\/04\/autoescola-emprego-240x240.jpg 240w, https:\/\/www.portalalerta.com.br\/wp-content\/uploads\/2024\/04\/autoescola-emprego-768x768.jpg 768w, https:\/\/www.portalalerta.com.br\/wp-content\/uploads\/2024\/04\/autoescola-emprego.jpg 1080w\" sizes=\"(max-width: 390px) 100vw, 390px\" \/><\/figure><\/div>\n\n\n<p><strong>Segundo fontes, o vazamento teria partido do Deputado Federal Elmar Nascimento e chegou na m\u00eddia.&nbsp;<\/strong><\/p>\n\n\n\n<p>A reprimenda aconteceu antes da coletiva, onde Lula negou a pol\u00eamica de Janja com o presidente da China, Xi Jinping, por conta do Tiktok. O presidente disse que o assunto foi trazido para a reuni\u00e3o por ele.&nbsp;<\/p>\n\n\n\n<p><strong>\u201cPrimeira coisa que eu acho estranho \u00e9 como essa pergunta chegou \u00e0 imprensa, porque estavam s\u00f3 meus ministros l\u00e1. Ent\u00e3o, algu\u00e9m teve a pachorra de ligar para algu\u00e9m e contar uma conversa que aconteceu durante o jantar \u2014 algo muito, muito confidencial e pessoal. E, depois, fui eu quem fez a pergunta, n\u00e3o foi a Janja\u201d, disse Lula.<\/strong><\/p>\n\n\n\n<p><strong>Entenda a pol\u00eamica<\/strong><\/p>\n\n\n\n<p>Na \u00faltima ter\u00e7a-feira (13), a imprensa brasileira noticiou que a primeira-dama teria criado um \u201cmal-estar\u201d durante um encontro da delega\u00e7\u00e3o brasileira com o presidente da China Xi Jinping.&nbsp;<\/p>\n\n\n\n<p>A informa\u00e7\u00f5es afirmavam que Janja pediu a palavra para falar sobre os efeitos nocivos do TikTok, app chin\u00eas. E que a resposta de Xi teria sido que \u201co Brasil tem legitimidade para regular e at\u00e9 banir, se quiser, a plataforma\u201d. A postura de Janja, na diplomacia foi considerada desrespeitosa.&nbsp;<\/p>\n\n\n\n<p><em>Fonte: Band.com.br<\/em><\/p>\n","protected":false},"excerpt":{"rendered":"<p>A informa\u00e7\u00f5es afirmavam que Janja pediu a palavra para falar sobre os efeitos nocivos do TikTok, app chin\u00eas<\/p>\n","protected":false},"author":2,"featured_media":71860,"comment_status":"open","ping_status":"open","sticky":false,"template":"","format":"standard","meta":{"om_disable_all_campaigns":false,"_monsterinsights_skip_tracking":false,"_monsterinsights_sitenote_active":false,"_monsterinsights_sitenote_note":"","_monsterinsights_sitenote_category":0,"footnotes":""},"categories":[34,70,35,69,21],"tags":[100,71,48,840,75,4178,4180,129,107,4181,132,5445,230,303,106,203,120,51,2161,109,88,47,111,190],"class_list":["post-71859","post","type-post","status-publish","format-standard","has-post-thumbnail","hentry","category-brasil","category-destaques","category-mundo","category-noticias2","category-politica","tag-adustina","tag-antas","tag-araci","tag-china","tag-cicero-dantas","tag-cipo-2","tag-crisopolis-2","tag-euclides-da-cunha","tag-fatima","tag-heliopolis-2","tag-itapicuru","tag-janja","tag-jeremoabo","tag-lula","tag-nova-soure","tag-novo-triunfo","tag-olindina","tag-paripiranga","tag-polemica","tag-quijingue","tag-ribeira-do-amparo","tag-ribeira-do-pombal","tag-sitio-do-quinto","tag-tucano"],"aioseo_notices":[],"_links":{"self":[{"href":"https:\/\/www.portalalerta.com.br\/index.php\/wp-json\/wp\/v2\/posts\/71859","targetHints":{"allow":["GET"]}}],"collection":[{"href":"https:\/\/www.portalalerta.com.br\/index.php\/wp-json\/wp\/v2\/posts"}],"about":[{"href":"https:\/\/www.portalalerta.com.br\/index.php\/wp-json\/wp\/v2\/types\/post"}],"author":[{"embeddable":true,"href":"https:\/\/www.portalalerta.com.br\/index.php\/wp-json\/wp\/v2\/users\/2"}],"replies":[{"embeddable":true,"href":"https:\/\/www.portalalerta.com.br\/index.php\/wp-json\/wp\/v2\/comments?post=71859"}],"version-history":[{"count":1,"href":"https:\/\/www.portalalerta.com.br\/index.php\/wp-json\/wp\/v2\/posts\/71859\/revisions"}],"predecessor-version":[{"id":71861,"href":"https:\/\/www.portalalerta.com.br\/index.php\/wp-json\/wp\/v2\/posts\/71859\/revisions\/71861"}],"wp:featuredmedia":[{"embeddable":true,"href":"https:\/\/www.portalalerta.com.br\/index.php\/wp-json\/wp\/v2\/media\/71860"}],"wp:attachment":[{"href":"https:\/\/www.portalalerta.com.br\/index.php\/wp-json\/wp\/v2\/media?parent=71859"}],"wp:term":[{"taxonomy":"category","embeddable":true,"href":"https:\/\/www.portalalerta.com.br\/index.php\/wp-json\/wp\/v2\/categories?post=71859"},{"taxonomy":"post_tag","embeddable":true,"href":"https:\/\/www.portalalerta.com.br\/index.php\/wp-json\/wp\/v2\/tags?post=71859"}],"curies":[{"name":"wp","href":"https:\/\/api.w.org\/{rel}","templated":true}]}}