{"id":71862,"date":"2025-05-14T14:18:23","date_gmt":"2025-05-14T17:18:23","guid":{"rendered":"https:\/\/www.portalalerta.com.br\/?p=71862"},"modified":"2025-05-14T14:18:25","modified_gmt":"2025-05-14T17:18:25","slug":"homem-e-preso-apos-esfaquear-companheira-durante-comemoracao-do-aniversario-dela-em-tucano","status":"publish","type":"post","link":"https:\/\/www.portalalerta.com.br\/index.php\/2025\/05\/14\/homem-e-preso-apos-esfaquear-companheira-durante-comemoracao-do-aniversario-dela-em-tucano\/","title":{"rendered":"Homem \u00e9 preso ap\u00f3s esfaquear companheira durante comemora\u00e7\u00e3o do anivers\u00e1rio dela em Tucano"},"content":{"rendered":"\n<p><strong>Um homem de 18 anos foi preso ap\u00f3s esfaquear a companheira durante a comemora\u00e7\u00e3o do anivers\u00e1rio dela, no \u00faltimo domingo (11), no povoado Olhos D\u2019\u00c1gua da Serra, zona rural de Tucano, na regi\u00e3o sisaleira da Bahia.<\/strong><\/p>\n\n\n\n<!--more-->\n\n\n<div class=\"wp-block-image\">\n<figure class=\"alignleft size-large is-resized\"><img fetchpriority=\"high\" decoding=\"async\" src=\"https:\/\/www.portalalerta.com.br\/wp-content\/uploads\/2025\/05\/Real-dia-das-maes-2025-819x1024.jpeg\" alt=\"\" class=\"wp-image-71620\" width=\"396\" height=\"495\" srcset=\"https:\/\/www.portalalerta.com.br\/wp-content\/uploads\/2025\/05\/Real-dia-das-maes-2025-819x1024.jpeg 819w, https:\/\/www.portalalerta.com.br\/wp-content\/uploads\/2025\/05\/Real-dia-das-maes-2025-192x240.jpeg 192w, https:\/\/www.portalalerta.com.br\/wp-content\/uploads\/2025\/05\/Real-dia-das-maes-2025-768x960.jpeg 768w, https:\/\/www.portalalerta.com.br\/wp-content\/uploads\/2025\/05\/Real-dia-das-maes-2025.jpeg 1024w\" sizes=\"(max-width: 396px) 100vw, 396px\" \/><\/figure><\/div>\n\n\n<p><strong>Segundo informa\u00e7\u00f5es do rep\u00f3rter Gil Santos, o casal estava em um bar celebrando os 32 anos da mulher quando o homem a atacou com uma facada na coxa. A motiva\u00e7\u00e3o do crime, de acordo com relatos do pr\u00f3prio suspeito, teria sido ci\u00fames.<\/strong><\/p>\n\n\n\n<p><strong>A v\u00edtima foi socorrida para o hospital da cidade, recebeu atendimento e j\u00e1 est\u00e1 em casa, em recupera\u00e7\u00e3o.<\/strong><\/p>\n\n\n\n<p><strong>Na segunda-feira (12), uma equipe da Ronda Ostensiva Municipal (ROMU), da Guarda Civil Municipal de Tucano, localizou o suspeito no distrito de Tracup\u00e1, onde o casal reside.<\/strong><\/p>\n\n\n\n<p><strong>Ele foi encaminhado \u00e0 sede da 25\u00aa Coordenadoria Regional de Pol\u00edcia do Interior (Coorpin), em Euclides da Cunha, onde permanece custodiado \u00e0 disposi\u00e7\u00e3o da Justi\u00e7a.<\/strong><\/p>\n\n\n\n<p><strong>O caso est\u00e1 sendo investigado pela Pol\u00edcia Civil.<\/strong><\/p>\n\n\n\n<p><strong><em>Fonte: Not\u00edcia de Santaluz<\/em><\/strong><\/p>\n","protected":false},"excerpt":{"rendered":"<p>Um homem de 18 anos foi preso ap\u00f3s esfaquear a companheira durante a comemora\u00e7\u00e3o do anivers\u00e1rio dela, no \u00faltimo domingo (11), no povoado Olhos D\u2019\u00c1gua da Serra, zona rural de Tucano, na regi\u00e3o sisaleira da Bahia.<\/p>\n","protected":false},"author":2,"featured_media":71863,"comment_status":"open","ping_status":"open","sticky":false,"template":"","format":"standard","meta":{"om_disable_all_campaigns":false,"_monsterinsights_skip_tracking":false,"_monsterinsights_sitenote_active":false,"_monsterinsights_sitenote_note":"","_monsterinsights_sitenote_category":0,"footnotes":""},"categories":[70,69,32,22,12],"tags":[100,71,48,75,4178,4180,129,492,107,313,4181,132,230,106,203,120,51,77,109,88,47,111,190,523],"class_list":["post-71862","post","type-post","status-publish","format-standard","has-post-thumbnail","hentry","category-destaques","category-noticias2","category-regiao","category-seguranca","category-tucano","tag-adustina","tag-antas","tag-araci","tag-cicero-dantas","tag-cipo-2","tag-crisopolis-2","tag-euclides-da-cunha","tag-facada","tag-fatima","tag-gcm","tag-heliopolis-2","tag-itapicuru","tag-jeremoabo","tag-nova-soure","tag-novo-triunfo","tag-olindina","tag-paripiranga","tag-preso","tag-quijingue","tag-ribeira-do-amparo","tag-ribeira-do-pombal","tag-sitio-do-quinto","tag-tucano","tag-violencia-domestica"],"aioseo_notices":[],"_links":{"self":[{"href":"https:\/\/www.portalalerta.com.br\/index.php\/wp-json\/wp\/v2\/posts\/71862","targetHints":{"allow":["GET"]}}],"collection":[{"href":"https:\/\/www.portalalerta.com.br\/index.php\/wp-json\/wp\/v2\/posts"}],"about":[{"href":"https:\/\/www.portalalerta.com.br\/index.php\/wp-json\/wp\/v2\/types\/post"}],"author":[{"embeddable":true,"href":"https:\/\/www.portalalerta.com.br\/index.php\/wp-json\/wp\/v2\/users\/2"}],"replies":[{"embeddable":true,"href":"https:\/\/www.portalalerta.com.br\/index.php\/wp-json\/wp\/v2\/comments?post=71862"}],"version-history":[{"count":1,"href":"https:\/\/www.portalalerta.com.br\/index.php\/wp-json\/wp\/v2\/posts\/71862\/revisions"}],"predecessor-version":[{"id":71864,"href":"https:\/\/www.portalalerta.com.br\/index.php\/wp-json\/wp\/v2\/posts\/71862\/revisions\/71864"}],"wp:featuredmedia":[{"embeddable":true,"href":"https:\/\/www.portalalerta.com.br\/index.php\/wp-json\/wp\/v2\/media\/71863"}],"wp:attachment":[{"href":"https:\/\/www.portalalerta.com.br\/index.php\/wp-json\/wp\/v2\/media?parent=71862"}],"wp:term":[{"taxonomy":"category","embeddable":true,"href":"https:\/\/www.portalalerta.com.br\/index.php\/wp-json\/wp\/v2\/categories?post=71862"},{"taxonomy":"post_tag","embeddable":true,"href":"https:\/\/www.portalalerta.com.br\/index.php\/wp-json\/wp\/v2\/tags?post=71862"}],"curies":[{"name":"wp","href":"https:\/\/api.w.org\/{rel}","templated":true}]}}