{"id":71865,"date":"2025-05-14T14:24:28","date_gmt":"2025-05-14T17:24:28","guid":{"rendered":"https:\/\/www.portalalerta.com.br\/?p=71865"},"modified":"2025-05-14T14:27:42","modified_gmt":"2025-05-14T17:27:42","slug":"homem-e-preso-apos-esfaquear-companheira-durante-comemoracao-do-aniversario-dela-em-tucano-2","status":"publish","type":"post","link":"https:\/\/www.portalalerta.com.br\/index.php\/2025\/05\/14\/homem-e-preso-apos-esfaquear-companheira-durante-comemoracao-do-aniversario-dela-em-tucano-2\/","title":{"rendered":"Quem foi Divaldo Franco, l\u00edder esp\u00edrita que morreu aos 98 anos em Salvador"},"content":{"rendered":"\n<p>Considerado um dos maiores lideres esp\u00edritas do Brasil, m\u00e9dium faleceu nesta ter\u00e7a-feira (13), ap\u00f3s sofrer fal\u00eancia m\u00faltipla dos \u00f3rg\u00e3os.<\/p>\n\n\n\n<!--more-->\n\n\n\n<p>Divaldo Franco, l\u00edder esp\u00edrita, morre aos 98 anos em Salvador<\/p>\n\n\n\n<p>Reconhecido como um dos principais l\u00edderes religiosos do Brasil, o m\u00e9dium&nbsp;Divaldo Franco&nbsp;<a href=\"https:\/\/g1.globo.com\/ba\/bahia\/noticia\/2025\/05\/13\/morre-divaldo-franco-um-dos-principais-lideres-espiritas-do-brasil.ghtml\">morreu na ter\u00e7a-feira (13)<\/a>, em&nbsp;<a href=\"https:\/\/g1.globo.com\/ba\/bahia\/cidade\/salvador\/\">Salvador<\/a>, onde morava, v\u00edtima de fal\u00eancia m\u00faltipla dos \u00f3rg\u00e3os. O esp\u00edrita lutava contra um c\u00e2ncer de bexiga desde novembro do ano passado.<\/p>\n\n\n\n<p>Natural de Feira de Santana, cidade a cerca de 100 km de Salvador, ele dedicou mais de 70 anos ao espiritismo. Colheu os frutos de todo esse trabalho ao se consagrar como uma das vozes mais respeitadas na \u00e1rea.<\/p>\n\n\n\n<p>Sua trajet\u00f3ria come\u00e7ou a ganhar destaque em 1952, quando fundou a Mans\u00e3o do Caminho, localizada no bairro de Pau da Lima, em Salvador. A entidade acolhe e educa milhares de crian\u00e7as que antes viviam em condi\u00e7\u00f5es de mis\u00e9ria extrema. Apesar de n\u00e3o deixar filhos biol\u00f3gicos, ele era reconhecido como pai de cerca de 685 pessoas que acolheu e instruiu ao longo dos anos na entidade esp\u00edrita.<\/p>\n\n\n\n<p>Na d\u00e9cada de 1960, Divaldo iniciou a constru\u00e7\u00e3o de escolas, oficinas profissionalizantes e atendimento m\u00e9dico, transformando a entidade em um grande complexo educacional. At\u00e9 hoje, o espa\u00e7o atende crian\u00e7as, jovens e fam\u00edlias inteiras de baixa renda, com atividades diversas, ensino fundamental e m\u00e9dio, cursos profissionalizantes e atendimento de sa\u00fade.<\/p>\n\n\n\n<p>Todo o trabalho \u00e9 mantido com a venda dos livros medi\u00fanicos e das grava\u00e7\u00f5es de palestras, semin\u00e1rios, entrevistas e mensagens do pr\u00f3prio Divaldo. O m\u00e9dium \u00e9 autor de mais de 250 livros, muitos deles psicografados a partir de hist\u00f3rias de diversos esp\u00edritos. Em 2015, ganhou uma biografia assinada pela jornalista Ana Landi.<\/p>\n\n\n\n<p>Mediunidade descoberta na inf\u00e2ncia<\/p>\n\n\n\n<p>Nascido em 5 de maio de 1927, Divaldo Franco \u00e9 o ca\u00e7ula de 13 irm\u00e3os. A biografia dispon\u00edvel na Mans\u00e3o do Caminho conta que ele desenvolveu a mediunidade ainda na inf\u00e2ncia, mas sofreu com cr\u00edticas e at\u00e9 surras dos pais que n\u00e3o entendiam e consideravam suas vis\u00f5es &#8220;demon\u00edacas&#8221;.<\/p>\n\n\n\n<p>Com isso, seu contato inicial com o espiritismo foi dif\u00edcil. Al\u00e9m da discrimina\u00e7\u00e3o no meio familiar, Divaldo precisou lidar com vis\u00f5es perturbadoras e um esp\u00edrito obsessor que o perseguia aos 7 anos.<\/p>\n\n\n\n<p>A situa\u00e7\u00e3o s\u00f3 melhorou anos depois, quando Divaldo enfrentou um problema de sa\u00fade que o deixou por meses acamado. Ap\u00f3s recorrer a diversos m\u00e9dicos, a fam\u00edlia enfim aceitou que uma m\u00e9dium o visitasse. Foi ela quem entendeu que ele era oprimido por um esp\u00edrito e identificou sua mediunidade.<\/p>\n\n\n\n<p>Movimento &#8216;Voc\u00ea e a Paz&#8217;<\/p>\n\n\n\n<p>Entre as contribui\u00e7\u00f5es sociais de Divaldo est\u00e1 a cria\u00e7\u00e3o do&nbsp;<a href=\"https:\/\/g1.globo.com\/ba\/bahia\/noticia\/2021\/12\/17\/movimento-voce-e-a-paz-ato-ecumenico-idealizado-por-divaldo-franco-sera-realizado-no-domingo-na-modalidade-virtual-veja.ghtml\">evento ecum\u00eanico &#8220;Movimento Voc\u00ea e a Paz&#8221;<\/a>. Idealizado por ele em 1998, o encontro nasceu com a proposta de ser uma atividade sem car\u00e1ter religioso ou pol\u00edtico e costuma ocorrer anualmente em Salvador, \u00e0s v\u00e9speras do Natal, reunindo multid\u00f5es para ouvir as mensagens de for\u00e7a e uni\u00e3o apresentadas por l\u00edderes de diversas religi\u00f5es.<\/p>\n\n\n\n<p>De acordo com a Mans\u00e3o do Caminho, mais de 75 cidades em 14 pa\u00edses aderiram \u00e0 iniciativa. S\u00f3 no Brasil, h\u00e1 registros do evento em 60 munic\u00edpios, espalhados em 12 estados.<\/p>\n\n\n\n<p>Em 2024, na 27\u00aa edi\u00e7\u00e3o do movimento na capital baiana, Ivete Sangalo e Carlinhos Brown estiveram entre as personalidades presentes. J\u00e1 em tratamento contra o c\u00e2ncer na bexiga, Divaldo n\u00e3o compareceu ao encontro no Terreiro de Jesus. Na ocasi\u00e3o, um v\u00eddeo gravado por ele foi exibido ao p\u00fablico.<\/p>\n\n\n\n<p>Para o adeus, um ato aberto ao p\u00fablico ser\u00e1 realizado das 9h \u00e0s 20h de quarta-feira (14), no gin\u00e1sio de esportes da Mans\u00e3o do Caminho para que as pessoas prestem suas \u00faltimas homenagens. A pedido do m\u00e9dium, as cerim\u00f4nias p\u00f3stumas ser\u00e3o de curta dura\u00e7\u00e3o, sem cortejo em carro aberto e o caix\u00e3o permanecer\u00e1 fechado. O sepultamento ser\u00e1 \u00e0s 10h de quinta (15), no Cemit\u00e9rio Bosque da Paz.<\/p>\n\n\n\n<p><em>Fonte: g1<\/em><\/p>\n","protected":false},"excerpt":{"rendered":"<p>Considerado um dos maiores lideres esp\u00edritas do Brasil, m\u00e9dium faleceu nesta ter\u00e7a-feira (13), ap\u00f3s sofrer fal\u00eancia m\u00faltipla dos \u00f3rg\u00e3os.<\/p>\n","protected":false},"author":2,"featured_media":71866,"comment_status":"open","ping_status":"open","sticky":false,"template":"","format":"standard","meta":{"om_disable_all_campaigns":false,"_monsterinsights_skip_tracking":false,"_monsterinsights_sitenote_active":false,"_monsterinsights_sitenote_note":"","_monsterinsights_sitenote_category":0,"footnotes":""},"categories":[33,70,69],"tags":[100,71,48,75,4178,4180,7974,7975,129,107,4181,132,230,169,106,203,120,51,109,88,47,111,190],"class_list":["post-71865","post","type-post","status-publish","format-standard","has-post-thumbnail","hentry","category-bahia","category-destaques","category-noticias2","tag-adustina","tag-antas","tag-araci","tag-cicero-dantas","tag-cipo-2","tag-crisopolis-2","tag-divaldo-franco","tag-espiritismo","tag-euclides-da-cunha","tag-fatima","tag-heliopolis-2","tag-itapicuru","tag-jeremoabo","tag-morte","tag-nova-soure","tag-novo-triunfo","tag-olindina","tag-paripiranga","tag-quijingue","tag-ribeira-do-amparo","tag-ribeira-do-pombal","tag-sitio-do-quinto","tag-tucano"],"aioseo_notices":[],"_links":{"self":[{"href":"https:\/\/www.portalalerta.com.br\/index.php\/wp-json\/wp\/v2\/posts\/71865","targetHints":{"allow":["GET"]}}],"collection":[{"href":"https:\/\/www.portalalerta.com.br\/index.php\/wp-json\/wp\/v2\/posts"}],"about":[{"href":"https:\/\/www.portalalerta.com.br\/index.php\/wp-json\/wp\/v2\/types\/post"}],"author":[{"embeddable":true,"href":"https:\/\/www.portalalerta.com.br\/index.php\/wp-json\/wp\/v2\/users\/2"}],"replies":[{"embeddable":true,"href":"https:\/\/www.portalalerta.com.br\/index.php\/wp-json\/wp\/v2\/comments?post=71865"}],"version-history":[{"count":2,"href":"https:\/\/www.portalalerta.com.br\/index.php\/wp-json\/wp\/v2\/posts\/71865\/revisions"}],"predecessor-version":[{"id":71869,"href":"https:\/\/www.portalalerta.com.br\/index.php\/wp-json\/wp\/v2\/posts\/71865\/revisions\/71869"}],"wp:featuredmedia":[{"embeddable":true,"href":"https:\/\/www.portalalerta.com.br\/index.php\/wp-json\/wp\/v2\/media\/71866"}],"wp:attachment":[{"href":"https:\/\/www.portalalerta.com.br\/index.php\/wp-json\/wp\/v2\/media?parent=71865"}],"wp:term":[{"taxonomy":"category","embeddable":true,"href":"https:\/\/www.portalalerta.com.br\/index.php\/wp-json\/wp\/v2\/categories?post=71865"},{"taxonomy":"post_tag","embeddable":true,"href":"https:\/\/www.portalalerta.com.br\/index.php\/wp-json\/wp\/v2\/tags?post=71865"}],"curies":[{"name":"wp","href":"https:\/\/api.w.org\/{rel}","templated":true}]}}