{"id":71893,"date":"2025-05-15T06:02:00","date_gmt":"2025-05-15T09:02:00","guid":{"rendered":"https:\/\/www.portalalerta.com.br\/?p=71893"},"modified":"2025-05-15T01:52:38","modified_gmt":"2025-05-15T04:52:38","slug":"secretaria-de-agricultura-conclui-programa-solopronto-com-aracao-de-terras-para-mais-de-100-familias","status":"publish","type":"post","link":"https:\/\/www.portalalerta.com.br\/index.php\/2025\/05\/15\/secretaria-de-agricultura-conclui-programa-solopronto-com-aracao-de-terras-para-mais-de-100-familias\/","title":{"rendered":"Secretaria de Agricultura de Ribeira do Pombal-BA conclui Programa SoloPronto com ara\u00e7\u00e3o de terras para mais de 100 fam\u00edlias"},"content":{"rendered":"\n<p><strong>A Prefeitura de Ribeira do Pombal, atrav\u00e9s da Secretaria Municipal de Agricultura, finalizou o&nbsp;Programa SoloPronto, realizado entre os dias&nbsp;23 de abril e 14 de maio de 2025, com foco exclusivo na&nbsp;ara\u00e7\u00e3o de terras para a agricultura familiar.<\/strong><\/p>\n\n\n\n<!--more-->\n\n\n<div class=\"wp-block-image\">\n<figure class=\"alignleft size-large is-resized\"><img decoding=\"async\" src=\"https:\/\/www.portalalerta.com.br\/wp-content\/uploads\/2025\/05\/Real-dia-das-maes-2025-819x1024.jpeg\" alt=\"\" class=\"wp-image-71620\" width=\"435\" srcset=\"https:\/\/www.portalalerta.com.br\/wp-content\/uploads\/2025\/05\/Real-dia-das-maes-2025-819x1024.jpeg 819w, https:\/\/www.portalalerta.com.br\/wp-content\/uploads\/2025\/05\/Real-dia-das-maes-2025-192x240.jpeg 192w, https:\/\/www.portalalerta.com.br\/wp-content\/uploads\/2025\/05\/Real-dia-das-maes-2025-768x960.jpeg 768w, https:\/\/www.portalalerta.com.br\/wp-content\/uploads\/2025\/05\/Real-dia-das-maes-2025.jpeg 1024w\" sizes=\"(max-width: 819px) 100vw, 819px\" \/><\/figure><\/div>\n\n\n<p><strong>A a\u00e7\u00e3o contemplou agricultores de sete comunidades rurais, totalizando&nbsp;103 fam\u00edlias atendidas, preparando o solo para o plantio e garantindo condi\u00e7\u00f5es mais adequadas para o in\u00edcio do ciclo agr\u00edcola.<\/strong><\/p>\n\n\n\n<p><strong>&nbsp;Comunidades beneficiadas:<\/strong><\/p>\n\n\n\n<ul class=\"wp-block-list\">\n<li><strong>Curralinho:&nbsp;25 fam\u00edlias<\/strong><\/li>\n\n\n\n<li><strong>Aracaju:&nbsp;19 fam\u00edlias<\/strong><\/li>\n\n\n\n<li><strong>Cajarana:&nbsp;09 fam\u00edlias<\/strong><\/li>\n\n\n\n<li><strong>Cova da \u00c1rvore:&nbsp;24 fam\u00edlias<\/strong><\/li>\n\n\n\n<li><strong>Umbuzeiro:&nbsp;16 fam\u00edlias<\/strong><\/li>\n\n\n\n<li><strong>Pocobatiba:&nbsp;07 fam\u00edlias<\/strong><\/li>\n\n\n\n<li><strong>Manteiga:&nbsp;03 fam\u00edlias<\/strong><\/li>\n<\/ul>\n\n\n\n<p><strong>O Programa SoloPronto tem como objetivo&nbsp;facilitar o acesso dos pequenos produtores aos servi\u00e7os de preparo de solo, contribuindo diretamente para o fortalecimento da produ\u00e7\u00e3o local, gera\u00e7\u00e3o de renda e seguran\u00e7a alimentar nas comunidades.<\/strong><\/p>\n\n\n\n<p><strong>A a\u00e7\u00e3o tem o apoio das associa\u00e7\u00f5es rurais e reafirma o compromisso da gest\u00e3o com o desenvolvimento do campo, garantindo apoio direto aos agricultores que mais precisam.<\/strong><\/p>\n\n\n\n<p><em>Fonte: SECOM\/Ribeira do Pombal<\/em><\/p>\n","protected":false},"excerpt":{"rendered":"<p>A Prefeitura de Ribeira do Pombal, atrav\u00e9s da Secretaria Municipal de Agricultura, finalizou o&nbsp;Programa SoloPronto, realizado entre os dias&nbsp;23 de abril e 14 de maio de 2025, com foco exclusivo na&nbsp;ara\u00e7\u00e3o de terras para a agricultura familiar.<\/p>\n","protected":false},"author":2,"featured_media":71890,"comment_status":"open","ping_status":"open","sticky":false,"template":"","format":"standard","meta":{"om_disable_all_campaigns":false,"_monsterinsights_skip_tracking":false,"_monsterinsights_sitenote_active":false,"_monsterinsights_sitenote_note":"","_monsterinsights_sitenote_category":0,"footnotes":""},"categories":[70,69,32,3],"tags":[100,947,71,6181,48,75,4178,4180,129,107,4181,132,230,106,203,120,51,109,88,47,6292,111,190],"class_list":["post-71893","post","type-post","status-publish","format-standard","has-post-thumbnail","hentry","category-destaques","category-noticias2","category-regiao","category-ribeira-do-pombal","tag-adustina","tag-agricultura","tag-antas","tag-aracao-de-terras","tag-araci","tag-cicero-dantas","tag-cipo-2","tag-crisopolis-2","tag-euclides-da-cunha","tag-fatima","tag-heliopolis-2","tag-itapicuru","tag-jeremoabo","tag-nova-soure","tag-novo-triunfo","tag-olindina","tag-paripiranga","tag-quijingue","tag-ribeira-do-amparo","tag-ribeira-do-pombal","tag-secretaria-municipal-de-agricultura","tag-sitio-do-quinto","tag-tucano"],"aioseo_notices":[],"_links":{"self":[{"href":"https:\/\/www.portalalerta.com.br\/index.php\/wp-json\/wp\/v2\/posts\/71893","targetHints":{"allow":["GET"]}}],"collection":[{"href":"https:\/\/www.portalalerta.com.br\/index.php\/wp-json\/wp\/v2\/posts"}],"about":[{"href":"https:\/\/www.portalalerta.com.br\/index.php\/wp-json\/wp\/v2\/types\/post"}],"author":[{"embeddable":true,"href":"https:\/\/www.portalalerta.com.br\/index.php\/wp-json\/wp\/v2\/users\/2"}],"replies":[{"embeddable":true,"href":"https:\/\/www.portalalerta.com.br\/index.php\/wp-json\/wp\/v2\/comments?post=71893"}],"version-history":[{"count":3,"href":"https:\/\/www.portalalerta.com.br\/index.php\/wp-json\/wp\/v2\/posts\/71893\/revisions"}],"predecessor-version":[{"id":71899,"href":"https:\/\/www.portalalerta.com.br\/index.php\/wp-json\/wp\/v2\/posts\/71893\/revisions\/71899"}],"wp:featuredmedia":[{"embeddable":true,"href":"https:\/\/www.portalalerta.com.br\/index.php\/wp-json\/wp\/v2\/media\/71890"}],"wp:attachment":[{"href":"https:\/\/www.portalalerta.com.br\/index.php\/wp-json\/wp\/v2\/media?parent=71893"}],"wp:term":[{"taxonomy":"category","embeddable":true,"href":"https:\/\/www.portalalerta.com.br\/index.php\/wp-json\/wp\/v2\/categories?post=71893"},{"taxonomy":"post_tag","embeddable":true,"href":"https:\/\/www.portalalerta.com.br\/index.php\/wp-json\/wp\/v2\/tags?post=71893"}],"curies":[{"name":"wp","href":"https:\/\/api.w.org\/{rel}","templated":true}]}}