{"id":71895,"date":"2025-05-15T06:03:00","date_gmt":"2025-05-15T09:03:00","guid":{"rendered":"https:\/\/www.portalalerta.com.br\/?p=71895"},"modified":"2025-05-14T22:42:50","modified_gmt":"2025-05-15T01:42:50","slug":"por-unanimidade-stf-condena-zambelli-a-10-anos-de-prisao-no-caso-hacker","status":"publish","type":"post","link":"https:\/\/www.portalalerta.com.br\/index.php\/2025\/05\/15\/por-unanimidade-stf-condena-zambelli-a-10-anos-de-prisao-no-caso-hacker\/","title":{"rendered":"Por unanimidade, STF condena Zambelli a 10 anos de pris\u00e3o no caso hacker"},"content":{"rendered":"\n<p><strong>Ministros da Primeira Turma tamb\u00e9m determinaram perda de mandato da deputada e condenaram o hacker Walter Delgatti a oito anos de pris\u00e3o<\/strong><\/p>\n\n\n\n<!--more-->\n\n\n\n<p><strong>A Primeira Turma do Supremo Tribunal Federal (STF) condenou por unanimidade nesta quarta-feira (14) a deputada federal Carla Zambelli (PL-SP) a dez anos de pris\u00e3o por invas\u00e3o dos sistemas do Conselho Nacional de Justi\u00e7a (CNJ) e inser\u00e7\u00e3o de documentos falsos.&nbsp;<\/strong><\/p>\n\n\n\n<p><strong>Os ministros tamb\u00e9m condenaram o hacker Walter Delgatti a oito anos de pris\u00e3o pelo mesmo motivo. Ambos respondem pelos crimes de invas\u00e3o de dispositivo inform\u00e1tico e falsidade ideol\u00f3gica.&nbsp;<\/strong><\/p>\n\n\n\n<p><strong>Al\u00e9m da pena de pris\u00e3o, Zambelli e Delgatti ter\u00e3o que pagar juntos uma indeniza\u00e7\u00e3o de R$ 2 milh\u00f5es.&nbsp;&nbsp;<\/strong><\/p>\n\n\n\n<p><strong>A turma tamb\u00e9m determinou a perda do mandato da deputada, a ser executada ap\u00f3s o tr\u00e2nsito em julgado da a\u00e7\u00e3o, ou seja, quando n\u00e3o houver mais possibilidade de recurso.&nbsp;<\/strong><\/p>\n\n\n\n<p><strong>A Procuradoria-Geral da Rep\u00fablica (PGR) acursou os dois em fevereiro de atacarem sistemas do CNJ para incitar atos antidemocr\u00e1ticos.&nbsp;<\/strong><\/p>\n\n\n\n<p><strong>Play Video<\/strong><\/p>\n\n\n\n<p><strong>A investiga\u00e7\u00e3o apontou que eles inseriram documentos falsos no sistema do \u00f3rg\u00e3o, como um mandado de pris\u00e3o contra o ministro Alexandre de Moraes, do STF.&nbsp;<\/strong><\/p>\n\n\n\n<p><strong>Conforme a den\u00fancia da PGR, Zambelli teve \u201cpapel central\u201d na invas\u00e3o dos sistemas eletr\u00f4nicos do CNJ e foi a \u201cautora intelectual\u201d do ataque hacker.&nbsp;<\/strong><\/p>\n\n\n\n<p><strong>Zambelli, segundo a acusa\u00e7\u00e3o, \u201carregimentou\u201d o hacker Walter Delgatti, prometendo a ele benef\u00edcios em troca dos servi\u00e7os.&nbsp;<\/strong><\/p>\n\n\n\n<p><strong>Conforme a acusa\u00e7\u00e3o, de agosto de 2022 a janeiro de 2023, Delgatti invadiu \u201cpor v\u00e1rias vezes dispositivos de inform\u00e1tica usados pelo Poder Judici\u00e1rio, adulterando informa\u00e7\u00f5es, mandados de pris\u00e3o, alvar\u00e1s de soltura, decis\u00f5es de quebra de sigilo banc\u00e1rio, e inclusive determinando ao sistema que emitisse documento ideologicamente falso\u201d.&nbsp;<\/strong><\/p>\n\n\n\n<p><strong>O que diz Zambelli&nbsp;<\/strong><\/p>\n\n\n\n<p><strong>Em nota divulgada na sexta (9), a defesa da deputada afirma ser \u201cabsolutamente injusto\u201d que Zambelli tenha sido \u201cjulgada e condenada sem provas irrefut\u00e1veis e induvidosas\u201d.&nbsp;<\/strong><\/p>\n\n\n\n<p><strong>Os advogados tamb\u00e9m criticam o processo conduzido pelo Supremo, dizendo que houve \u201cin\u00fameras nulidades desprezadas e cerceamento de defesa\u201d. Consideraram ainda \u201cinadmiss\u00edvel\u201d a falta audi\u00eancia com os integrantes da Turma e da possibilidade de sustenta\u00e7\u00e3o oral dos advogados.&nbsp;<\/strong><\/p>\n\n\n\n<p><strong>Leia a \u00edntegra da nota:&nbsp;<\/strong><\/p>\n\n\n\n<p><strong><em>\u201cA defesa da deputada Carla Zambelli novamente externa sua irresigna\u00e7\u00e3o, n\u00e3o somente pelo voto proferido que arbitrariamente julgou procedente as acusa\u00e7\u00f5es, mas especialmente pelas in\u00fameras nulidades desprezadas e cerceamento de defesa ocorrido. Al\u00e9m disso, apesar do enorme respeito que se tem para com os Eminentes Ministros da 1\u00aa Turma da Suprema Corte, inadmiss\u00edvel que o processo n\u00e3o tenha sido submetido a julgamento presencial ou virtual com a possibilidade de sustenta\u00e7\u00e3o oral na presen\u00e7a dos julgadores, bem como, que ainda n\u00e3o tenha sido disponibilizada ao menos audi\u00eancia com os integrantes da Turma julgadora para que a defesa possa apresentar memoriais e externar pontos importantes do processo. Absolutamente injusto que a Deputada tenha sido julgada e condenada sem provas irrefut\u00e1veis e induvidosas, ainda mais por fatos que desconhecia, como por exemplo os alvar\u00e1s falsos que o mit\u00f4mano Walter fez para seu primo e terceiras pessoas. Saliente-se que jamais se deixar\u00e1 de acreditar na Justi\u00e7a e se espera que algum dos Ministros possa pedir vistas e examinar todos os argumentos lan\u00e7ados pela defesa e, futuramente, modifique o rumo sugestionado pelo Relator\u201d.&nbsp;<\/em><\/strong><\/p>\n\n\n\n<p><em>Fonte: CNN Brasil<\/em><\/p>\n","protected":false},"excerpt":{"rendered":"<p>Ministros da Primeira Turma tamb\u00e9m determinaram perda de mandato da deputada e condenaram o hacker Walter Delgatti a oito anos de pris\u00e3o<\/p>\n","protected":false},"author":2,"featured_media":24230,"comment_status":"open","ping_status":"open","sticky":false,"template":"","format":"standard","meta":{"om_disable_all_campaigns":false,"_monsterinsights_skip_tracking":false,"_monsterinsights_sitenote_active":false,"_monsterinsights_sitenote_note":"","_monsterinsights_sitenote_category":0,"footnotes":""},"categories":[34,70,69,21],"tags":[100,71,48,7987,3656,75,4178,316,4180,1590,129,107,4181,132,230,106,203,120,51,174,109,88,47,111,190],"class_list":["post-71895","post","type-post","status-publish","format-standard","has-post-thumbnail","hentry","category-brasil","category-destaques","category-noticias2","category-politica","tag-adustina","tag-antas","tag-araci","tag-ataque-hacker","tag-carla-zambelli","tag-cicero-dantas","tag-cipo-2","tag-condenacao","tag-crisopolis-2","tag-deputada-federal","tag-euclides-da-cunha","tag-fatima","tag-heliopolis-2","tag-itapicuru","tag-jeremoabo","tag-nova-soure","tag-novo-triunfo","tag-olindina","tag-paripiranga","tag-prisao","tag-quijingue","tag-ribeira-do-amparo","tag-ribeira-do-pombal","tag-sitio-do-quinto","tag-tucano"],"aioseo_notices":[],"_links":{"self":[{"href":"https:\/\/www.portalalerta.com.br\/index.php\/wp-json\/wp\/v2\/posts\/71895","targetHints":{"allow":["GET"]}}],"collection":[{"href":"https:\/\/www.portalalerta.com.br\/index.php\/wp-json\/wp\/v2\/posts"}],"about":[{"href":"https:\/\/www.portalalerta.com.br\/index.php\/wp-json\/wp\/v2\/types\/post"}],"author":[{"embeddable":true,"href":"https:\/\/www.portalalerta.com.br\/index.php\/wp-json\/wp\/v2\/users\/2"}],"replies":[{"embeddable":true,"href":"https:\/\/www.portalalerta.com.br\/index.php\/wp-json\/wp\/v2\/comments?post=71895"}],"version-history":[{"count":1,"href":"https:\/\/www.portalalerta.com.br\/index.php\/wp-json\/wp\/v2\/posts\/71895\/revisions"}],"predecessor-version":[{"id":71896,"href":"https:\/\/www.portalalerta.com.br\/index.php\/wp-json\/wp\/v2\/posts\/71895\/revisions\/71896"}],"wp:featuredmedia":[{"embeddable":true,"href":"https:\/\/www.portalalerta.com.br\/index.php\/wp-json\/wp\/v2\/media\/24230"}],"wp:attachment":[{"href":"https:\/\/www.portalalerta.com.br\/index.php\/wp-json\/wp\/v2\/media?parent=71895"}],"wp:term":[{"taxonomy":"category","embeddable":true,"href":"https:\/\/www.portalalerta.com.br\/index.php\/wp-json\/wp\/v2\/categories?post=71895"},{"taxonomy":"post_tag","embeddable":true,"href":"https:\/\/www.portalalerta.com.br\/index.php\/wp-json\/wp\/v2\/tags?post=71895"}],"curies":[{"name":"wp","href":"https:\/\/api.w.org\/{rel}","templated":true}]}}