{"id":71907,"date":"2025-05-15T13:20:29","date_gmt":"2025-05-15T16:20:29","guid":{"rendered":"https:\/\/www.portalalerta.com.br\/?p=71907"},"modified":"2025-05-15T13:20:31","modified_gmt":"2025-05-15T16:20:31","slug":"prefeitura-de-ribeira-do-pombal-inicia-novo-ciclo-do-programa-saude-na-escola-com-acoes-para-o-bienio-2025-2026","status":"publish","type":"post","link":"https:\/\/www.portalalerta.com.br\/index.php\/2025\/05\/15\/prefeitura-de-ribeira-do-pombal-inicia-novo-ciclo-do-programa-saude-na-escola-com-acoes-para-o-bienio-2025-2026\/","title":{"rendered":"Prefeitura de Ribeira do Pombal inicia novo ciclo do Programa Sa\u00fade na Escola com a\u00e7\u00f5es para o bi\u00eanio 2025\/2026"},"content":{"rendered":"\n<p>A Prefeitura de Ribeira do Pombal, por meio da Secretaria Municipal de Sa\u00fade e em parceria com a Secretaria de Educa\u00e7\u00e3o, deu in\u00edcio \u00e0s a\u00e7\u00f5es do&nbsp;Programa Sa\u00fade na Escola (PSE)&nbsp;para o bi\u00eanio&nbsp;2025\/2026.<\/p>\n\n\n\n<!--more-->\n\n\n\n<p>O PSE \u00e9 uma estrat\u00e9gia do Minist\u00e9rio da Sa\u00fade em conjunto com o Minist\u00e9rio da Educa\u00e7\u00e3o, voltada para a&nbsp;promo\u00e7\u00e3o da sa\u00fade e do desenvolvimento integral dos estudantes da rede p\u00fablica. As escolas s\u00e3o pactuadas a cada dois anos, e as metas s\u00e3o definidas de acordo com as diretrizes nacionais.<\/p>\n\n\n<div class=\"wp-block-image\">\n<figure class=\"alignleft size-large is-resized\"><img fetchpriority=\"high\" decoding=\"async\" src=\"https:\/\/www.portalalerta.com.br\/wp-content\/uploads\/2024\/04\/autoescola-emprego-1024x1024.jpg\" alt=\"\" class=\"wp-image-55693\" width=\"380\" height=\"380\" srcset=\"https:\/\/www.portalalerta.com.br\/wp-content\/uploads\/2024\/04\/autoescola-emprego-1024x1024.jpg 1024w, https:\/\/www.portalalerta.com.br\/wp-content\/uploads\/2024\/04\/autoescola-emprego-240x240.jpg 240w, https:\/\/www.portalalerta.com.br\/wp-content\/uploads\/2024\/04\/autoescola-emprego-768x768.jpg 768w, https:\/\/www.portalalerta.com.br\/wp-content\/uploads\/2024\/04\/autoescola-emprego.jpg 1080w\" sizes=\"(max-width: 380px) 100vw, 380px\" \/><\/figure><\/div>\n\n\n<p>Para o novo ciclo, foram pactuadas&nbsp;13 a\u00e7\u00f5es priorit\u00e1rias&nbsp;que ser\u00e3o realizadas nas escolas municipais de Ribeira do Pombal. S\u00e3o elas:<\/p>\n\n\n\n<ul class=\"wp-block-list\">\n<li>Sa\u00fade ambiental<\/li>\n\n\n\n<li>Promo\u00e7\u00e3o da atividade f\u00edsica<\/li>\n\n\n\n<li>Alimenta\u00e7\u00e3o saud\u00e1vel e preven\u00e7\u00e3o da obesidade infantil<\/li>\n\n\n\n<li>Promo\u00e7\u00e3o da cultura de paz e direitos humanos<\/li>\n\n\n\n<li>Preven\u00e7\u00e3o das viol\u00eancias e acidentes<\/li>\n\n\n\n<li>Preven\u00e7\u00e3o de doen\u00e7as negligenciadas<\/li>\n\n\n\n<li>Verifica\u00e7\u00e3o da situa\u00e7\u00e3o vacinal dos estudantes<\/li>\n\n\n\n<li>Sa\u00fade sexual e reprodutiva, com foco na preven\u00e7\u00e3o do HIV e outras ISTs<\/li>\n\n\n\n<li>Preven\u00e7\u00e3o ao uso de \u00e1lcool, tabaco e outras drogas<\/li>\n\n\n\n<li>Sa\u00fade bucal<\/li>\n\n\n\n<li>Sa\u00fade auditiva<\/li>\n\n\n\n<li>Sa\u00fade ocular<\/li>\n\n\n\n<li>Preven\u00e7\u00e3o \u00e0 covid-19 nas escolas<\/li>\n<\/ul>\n\n\n\n<p>A atua\u00e7\u00e3o ser\u00e1 integrada entre equipes da Aten\u00e7\u00e3o B\u00e1sica, profissionais da sa\u00fade da fam\u00edlia e gestores escolares, garantindo que as a\u00e7\u00f5es cheguem de forma eficiente e educativa at\u00e9 os alunos.<\/p>\n\n\n\n<p>Com essa iniciativa, Ribeira do Pombal refor\u00e7a seu compromisso com uma&nbsp;educa\u00e7\u00e3o mais saud\u00e1vel, preventiva e cidad\u00e3, promovendo qualidade de vida desde a inf\u00e2ncia.<\/p>\n\n\n\n<p><em>Fonte: SECOM\/ Ribeira do Pombal<\/em><\/p>\n","protected":false},"excerpt":{"rendered":"<p>A Prefeitura de Ribeira do Pombal, por meio da Secretaria Municipal de Sa\u00fade e em parceria com a Secretaria de Educa\u00e7\u00e3o, deu in\u00edcio \u00e0s a\u00e7\u00f5es do&nbsp;Programa Sa\u00fade na Escola (PSE)&nbsp;para o bi\u00eanio&nbsp;2025\/2026.<\/p>\n","protected":false},"author":2,"featured_media":71901,"comment_status":"open","ping_status":"open","sticky":false,"template":"","format":"standard","meta":{"om_disable_all_campaigns":false,"_monsterinsights_skip_tracking":false,"_monsterinsights_sitenote_active":false,"_monsterinsights_sitenote_note":"","_monsterinsights_sitenote_category":0,"footnotes":""},"categories":[70,20,69,32,3,19],"tags":[100,71,48,75,4178,4180,140,129,107,4181,132,230,106,203,120,51,109,88,47,3065,111,190],"class_list":["post-71907","post","type-post","status-publish","format-standard","has-post-thumbnail","hentry","category-destaques","category-educacao","category-noticias2","category-regiao","category-ribeira-do-pombal","category-saude","tag-adustina","tag-antas","tag-araci","tag-cicero-dantas","tag-cipo-2","tag-crisopolis-2","tag-educacao","tag-euclides-da-cunha","tag-fatima","tag-heliopolis-2","tag-itapicuru","tag-jeremoabo","tag-nova-soure","tag-novo-triunfo","tag-olindina","tag-paripiranga","tag-quijingue","tag-ribeira-do-amparo","tag-ribeira-do-pombal","tag-saude-na-escola","tag-sitio-do-quinto","tag-tucano"],"aioseo_notices":[],"_links":{"self":[{"href":"https:\/\/www.portalalerta.com.br\/index.php\/wp-json\/wp\/v2\/posts\/71907","targetHints":{"allow":["GET"]}}],"collection":[{"href":"https:\/\/www.portalalerta.com.br\/index.php\/wp-json\/wp\/v2\/posts"}],"about":[{"href":"https:\/\/www.portalalerta.com.br\/index.php\/wp-json\/wp\/v2\/types\/post"}],"author":[{"embeddable":true,"href":"https:\/\/www.portalalerta.com.br\/index.php\/wp-json\/wp\/v2\/users\/2"}],"replies":[{"embeddable":true,"href":"https:\/\/www.portalalerta.com.br\/index.php\/wp-json\/wp\/v2\/comments?post=71907"}],"version-history":[{"count":1,"href":"https:\/\/www.portalalerta.com.br\/index.php\/wp-json\/wp\/v2\/posts\/71907\/revisions"}],"predecessor-version":[{"id":71908,"href":"https:\/\/www.portalalerta.com.br\/index.php\/wp-json\/wp\/v2\/posts\/71907\/revisions\/71908"}],"wp:featuredmedia":[{"embeddable":true,"href":"https:\/\/www.portalalerta.com.br\/index.php\/wp-json\/wp\/v2\/media\/71901"}],"wp:attachment":[{"href":"https:\/\/www.portalalerta.com.br\/index.php\/wp-json\/wp\/v2\/media?parent=71907"}],"wp:term":[{"taxonomy":"category","embeddable":true,"href":"https:\/\/www.portalalerta.com.br\/index.php\/wp-json\/wp\/v2\/categories?post=71907"},{"taxonomy":"post_tag","embeddable":true,"href":"https:\/\/www.portalalerta.com.br\/index.php\/wp-json\/wp\/v2\/tags?post=71907"}],"curies":[{"name":"wp","href":"https:\/\/api.w.org\/{rel}","templated":true}]}}