{"id":71909,"date":"2025-05-15T13:24:28","date_gmt":"2025-05-15T16:24:28","guid":{"rendered":"https:\/\/www.portalalerta.com.br\/?p=71909"},"modified":"2025-05-15T13:24:30","modified_gmt":"2025-05-15T16:24:30","slug":"lula-participa-de-funeral-do-ex-presidente-do-uruguai-pepe-mujica","status":"publish","type":"post","link":"https:\/\/www.portalalerta.com.br\/index.php\/2025\/05\/15\/lula-participa-de-funeral-do-ex-presidente-do-uruguai-pepe-mujica\/","title":{"rendered":"Lula participa de funeral do ex-presidente do Uruguai Pepe Mujica"},"content":{"rendered":"\n<p>Presidente chegou da China de madrugada e de manh\u00e3 foi para Montevid\u00e9u<\/p>\n\n\n\n<!--more-->\n\n\n\n<p>O presidente Luiz In\u00e1cio Lula da Silva participa, nesta quinta-feira (15), do vel\u00f3rio do ex-presidente do Uruguai Jos\u00e9 Pepe Mujica, em Montevid\u00e9u. Lula estava em viagem oficial \u00e0 China, chegou a Bras\u00edlia nesta madrugada e, ainda nesta manh\u00e3, embarcou para a capital uruguaia.<\/p>\n\n\n<div class=\"wp-block-image\">\n<figure class=\"alignleft size-large is-resized\"><img fetchpriority=\"high\" decoding=\"async\" src=\"https:\/\/www.portalalerta.com.br\/wp-content\/uploads\/2025\/05\/Real-dia-das-maes-2025-819x1024.jpeg\" alt=\"\" class=\"wp-image-71620\" width=\"390\" height=\"488\" srcset=\"https:\/\/www.portalalerta.com.br\/wp-content\/uploads\/2025\/05\/Real-dia-das-maes-2025-819x1024.jpeg 819w, https:\/\/www.portalalerta.com.br\/wp-content\/uploads\/2025\/05\/Real-dia-das-maes-2025-192x240.jpeg 192w, https:\/\/www.portalalerta.com.br\/wp-content\/uploads\/2025\/05\/Real-dia-das-maes-2025-768x960.jpeg 768w, https:\/\/www.portalalerta.com.br\/wp-content\/uploads\/2025\/05\/Real-dia-das-maes-2025.jpeg 1024w\" sizes=\"(max-width: 390px) 100vw, 390px\" \/><\/figure><\/div>\n\n\n<p>Lula recebeu a not\u00edcia da morte de Mujica ainda na China e, em nota,&nbsp;<a href=\"https:\/\/agenciabrasil.ebc.com.br\/internacional\/noticia\/2025-05\/lula-mujica-mostrou-que-luta-politica-e-docura-podem-andar-juntas\" target=\"_blank\" rel=\"noreferrer noopener\">exaltou a trajet\u00f3ria do amigo<\/a>.&nbsp;<\/p>\n\n\n\n<p>\u201cSua vida foi um exemplo de que a luta pol\u00edtica e a do\u00e7ura podem andar juntas. E de que a coragem e a for\u00e7a podem vir acompanhadas da humildade e do desapego&#8221;, escreveu.&nbsp;<\/p>\n\n\n\n<p>O presidente em exerc\u00edcio, Geraldo Alckmin, ent\u00e3o, decretou luto oficial de tr\u00eas dias.<\/p>\n\n\n\n<p>O ex-guerrilheiro e \u00edcone da esquerda latino-americana\u00a0<a href=\"https:\/\/agenciabrasil.ebc.com.br\/internacional\/noticia\/2025-05\/ex-presidente-do-uruguai-pepe-mujica-morre-aos-89-anos\" target=\"_blank\" rel=\"noreferrer noopener\">morreu na ter\u00e7a-feira (13), aos 89 anos de idade<\/a>. Ele tinha um diagn\u00f3stico de c\u00e2ncer de es\u00f4fago. O vel\u00f3rio come\u00e7ou na quarta-feira (14), no Pal\u00e1cio Legislativo, e o funeral est\u00e1 previsto para esta tarde.<\/p>\n\n\n\n<p>O \u00faltimo encontro de Lula com Mujica ocorreu no fim do ano passado, na ch\u00e1cara onde vivia o ex-presidente, nos arredores de Montevid\u00e9u. Na ocasi\u00e3o,&nbsp;<a href=\"https:\/\/agenciabrasil.ebc.com.br\/politica\/noticia\/2024-12\/lula-condecora-mujica-que-considera-pessoa-mais-extraordinaria\" target=\"_blank\" rel=\"noreferrer noopener\">Lula condecorou Mujica com a Ordem do Cruzeiro do Sul<\/a>, a maior honraria concedida pelo Estado brasileiro a cidad\u00e3os estrangeiros.<\/p>\n\n\n\n<p>O presidente retorna a Bras\u00edlia ainda nesta quinta-feira.<\/p>\n\n\n\n<p>Fonte: ag\u00eancia Brasil<\/p>\n","protected":false},"excerpt":{"rendered":"<p>Presidente chegou da China de madrugada e de manh\u00e3 foi para Montevid\u00e9u<\/p>\n","protected":false},"author":2,"featured_media":71902,"comment_status":"open","ping_status":"open","sticky":false,"template":"","format":"standard","meta":{"om_disable_all_campaigns":false,"_monsterinsights_skip_tracking":false,"_monsterinsights_sitenote_active":false,"_monsterinsights_sitenote_note":"","_monsterinsights_sitenote_category":0,"footnotes":""},"categories":[34,70,35,69,21],"tags":[100,71,48,75,4178,4180,129,107,4416,4181,132,230,303,106,203,120,51,7972,109,88,47,111,190,1275],"class_list":["post-71909","post","type-post","status-publish","format-standard","has-post-thumbnail","hentry","category-brasil","category-destaques","category-mundo","category-noticias2","category-politica","tag-adustina","tag-antas","tag-araci","tag-cicero-dantas","tag-cipo-2","tag-crisopolis-2","tag-euclides-da-cunha","tag-fatima","tag-funeral","tag-heliopolis-2","tag-itapicuru","tag-jeremoabo","tag-lula","tag-nova-soure","tag-novo-triunfo","tag-olindina","tag-paripiranga","tag-pepe-mujica","tag-quijingue","tag-ribeira-do-amparo","tag-ribeira-do-pombal","tag-sitio-do-quinto","tag-tucano","tag-uruguai"],"aioseo_notices":[],"_links":{"self":[{"href":"https:\/\/www.portalalerta.com.br\/index.php\/wp-json\/wp\/v2\/posts\/71909","targetHints":{"allow":["GET"]}}],"collection":[{"href":"https:\/\/www.portalalerta.com.br\/index.php\/wp-json\/wp\/v2\/posts"}],"about":[{"href":"https:\/\/www.portalalerta.com.br\/index.php\/wp-json\/wp\/v2\/types\/post"}],"author":[{"embeddable":true,"href":"https:\/\/www.portalalerta.com.br\/index.php\/wp-json\/wp\/v2\/users\/2"}],"replies":[{"embeddable":true,"href":"https:\/\/www.portalalerta.com.br\/index.php\/wp-json\/wp\/v2\/comments?post=71909"}],"version-history":[{"count":1,"href":"https:\/\/www.portalalerta.com.br\/index.php\/wp-json\/wp\/v2\/posts\/71909\/revisions"}],"predecessor-version":[{"id":71910,"href":"https:\/\/www.portalalerta.com.br\/index.php\/wp-json\/wp\/v2\/posts\/71909\/revisions\/71910"}],"wp:featuredmedia":[{"embeddable":true,"href":"https:\/\/www.portalalerta.com.br\/index.php\/wp-json\/wp\/v2\/media\/71902"}],"wp:attachment":[{"href":"https:\/\/www.portalalerta.com.br\/index.php\/wp-json\/wp\/v2\/media?parent=71909"}],"wp:term":[{"taxonomy":"category","embeddable":true,"href":"https:\/\/www.portalalerta.com.br\/index.php\/wp-json\/wp\/v2\/categories?post=71909"},{"taxonomy":"post_tag","embeddable":true,"href":"https:\/\/www.portalalerta.com.br\/index.php\/wp-json\/wp\/v2\/tags?post=71909"}],"curies":[{"name":"wp","href":"https:\/\/api.w.org\/{rel}","templated":true}]}}