{"id":71920,"date":"2025-05-16T14:32:08","date_gmt":"2025-05-16T17:32:08","guid":{"rendered":"https:\/\/www.portalalerta.com.br\/?p=71920"},"modified":"2025-05-16T14:32:10","modified_gmt":"2025-05-16T17:32:10","slug":"laudo-que-afastou-ednaldo-indica-deficit-cognitivo-de-coronel-nunes","status":"publish","type":"post","link":"https:\/\/www.portalalerta.com.br\/index.php\/2025\/05\/16\/laudo-que-afastou-ednaldo-indica-deficit-cognitivo-de-coronel-nunes\/","title":{"rendered":"Laudo que afastou Ednaldo indica \u201cd\u00e9ficit cognitivo\u201d de Coronel Nunes"},"content":{"rendered":"\n<p>Dirigente foi destitu\u00eddo do cargo nesta quinta-feira (15) por decis\u00e3o do Tribunal de Justi\u00e7a do Rio de Janeiro<\/p>\n\n\n\n<!--more-->\n\n\n\n<p>Ednaldo Rodrigues foi afastado da presid\u00eancia da CBF nesta quinta-feira (15) por decis\u00e3o do Tribunal de Justi\u00e7a do Rio de Janeiro (TJ-RJ).<\/p>\n\n\n\n<p>O desembargador Gabriel De Oliveira Zefiro, da 19\u00aa C\u00e2mara C\u00edvel,&nbsp;acatou pedido de Fernando Sarney, vice-presidente da entidade, com base em&nbsp;ind\u00edcios de falsifica\u00e7\u00e3o de assinatura&nbsp;em um acordo judicial que manteve Ednaldo no cargo.<\/p>\n\n\n<div class=\"wp-block-image\">\n<figure class=\"alignleft size-large is-resized\"><img fetchpriority=\"high\" decoding=\"async\" src=\"https:\/\/www.portalalerta.com.br\/wp-content\/uploads\/2024\/04\/autoescola-emprego-1024x1024.jpg\" alt=\"\" class=\"wp-image-55693\" width=\"405\" height=\"405\" srcset=\"https:\/\/www.portalalerta.com.br\/wp-content\/uploads\/2024\/04\/autoescola-emprego-1024x1024.jpg 1024w, https:\/\/www.portalalerta.com.br\/wp-content\/uploads\/2024\/04\/autoescola-emprego-240x240.jpg 240w, https:\/\/www.portalalerta.com.br\/wp-content\/uploads\/2024\/04\/autoescola-emprego-768x768.jpg 768w, https:\/\/www.portalalerta.com.br\/wp-content\/uploads\/2024\/04\/autoescola-emprego.jpg 1080w\" sizes=\"(max-width: 405px) 100vw, 405px\" \/><\/figure><\/div>\n\n\n<p>Segundo a decis\u00e3o, h\u00e1&nbsp;\u201crobustos ind\u00edcios\u201d de que o dirigente Ant\u00f4nio Carlos Nunes, o Coronel Nunes \u2014 que figura como signat\u00e1rio do acordo \u2014&nbsp;n\u00e3o tinha condi\u00e7\u00f5es cognitivas de assinar o documento.<\/p>\n\n\n\n<p>O laudo m\u00e9dico, somado a uma per\u00edcia grafot\u00e9cnica, levou o TJ-RJ a anular o acordo firmado em janeiro e a determinar o&nbsp;<a href=\"https:\/\/www.cnnbrasil.com.br\/esportes\/futebol\/selecao-brasileira\/cbf-e-ednaldo-entenda-o-caso-de-forma-didatica\/\">afastamento de Ednaldo<\/a>, que&nbsp;<a href=\"https:\/\/www.cnnbrasil.com.br\/esportes\/futebol\/selecao-brasileira\/afastado-ednaldo-perde-apoio-de-19-das-27-federacoes-virar-a-pagina\/\">perdeu apoio de 19 das 27 federa\u00e7\u00f5es<\/a>&nbsp;que o ajudaram na elei\u00e7\u00e3o deste ano..<\/p>\n\n\n\n<p>Veja o que diz o laudo<\/p>\n\n\n\n<p>O laudo do Doutor Jorge Roberto Pagura, m\u00e9dico da CBF, indica um diagn\u00f3stico de d\u00e9ficit cognitivo, hidrocefalia, tonturas e ataxia. A decis\u00e3o do TJ-RJ chama aten\u00e7\u00e3o para a ataxia, que \u00e9 a incapacidade de coordenar os movimentos do corpo, afetando a marcha, fala, movimentos oculares e tarefas cotidianas.<\/p>\n\n\n\n<p>Laudo do Doutor Jorge Roberto Pagura, que formaliza o d\u00e9ficit cognitivo do Coronel Nunes \u2022 Foto: Reprodu\u00e7\u00e3o<\/p>\n\n\n\n<p>Veja como o laudo \u00e9 interpretado para a decis\u00e3o<\/p>\n\n\n\n<p>Os ind\u00edcios apontados como fundamentais para a&nbsp;<a href=\"https:\/\/www.cnnbrasil.com.br\/esportes\/futebol\/selecao-brasileira\/fifa-e-conmebol-sao-surpreendidas-com-afastamento-de-ednaldo-da-cbf\/\">destitui\u00e7\u00e3o de Ednaldo<\/a>&nbsp;foram:<\/p>\n\n\n\n<ol class=\"wp-block-list\" type=\"1\" start=\"1\">\n<li><em>diagn\u00f3stico de neoplasia cerebral maligna (tumor no c\u00e9rebro) e cardiopatia grave, a qual acometem o Sr. Ant\u00f4nio Carlos Nunes de Lima desde 2018, autodeclarado em a\u00e7\u00e3o judicial de isen\u00e7\u00e3o de imposto de renda c\/c repeti\u00e7\u00e3o de ind\u00e9bito, em face do Estado do Par\u00e1 e IGEPREV\/PA;<\/em><\/li>\n\n\n\n<li><em>laudo m\u00e9dico de 19 de junho de 2023, firmado simplesmente pelo chefe do departamento m\u00e9dico da CBF, dr. Jorge Pagura, que atesta \u201cd\u00e9ficit cognitivo\u201d do signat\u00e1rio j\u00e1 em 2023; procura\u00e7\u00e3o p\u00fablica datada de 20 de junho de 2023, um dia depois do referido laudo, na qual o Sr. Ant\u00f4nio Carlos Nunes de Lima confere amplos poderes para terceiro gerenciar suas todas suas finan\u00e7as junto ao banco e;<\/em><\/li>\n\n\n\n<li><em>parecer grafot\u00e9cnico de 2025, cuja conclus\u00e3o aponta que a assinatura firmada no referido acordo diverge do punho periciado do Sr. Ant\u00f4nio Carlos Nunes de Lima<\/em><\/li>\n<\/ol>\n\n\n\n<p><em>Fonte: CNN<\/em><\/p>\n","protected":false},"excerpt":{"rendered":"<p>Dirigente foi destitu\u00eddo do cargo nesta quinta-feira (15) por decis\u00e3o do Tribunal de Justi\u00e7a do Rio de Janeiro<\/p>\n","protected":false},"author":2,"featured_media":53282,"comment_status":"open","ping_status":"open","sticky":false,"template":"","format":"standard","meta":{"om_disable_all_campaigns":false,"_monsterinsights_skip_tracking":false,"_monsterinsights_sitenote_active":false,"_monsterinsights_sitenote_note":"","_monsterinsights_sitenote_category":0,"footnotes":""},"categories":[34,70,2,69],"tags":[100,71,48,764,75,4178,4180,6389,129,107,4181,132,230,106,203,120,51,109,88,47,111,190],"class_list":["post-71920","post","type-post","status-publish","format-standard","has-post-thumbnail","hentry","category-brasil","category-destaques","category-esportes","category-noticias2","tag-adustina","tag-antas","tag-araci","tag-cbf","tag-cicero-dantas","tag-cipo-2","tag-crisopolis-2","tag-ednaldo-rodrigues","tag-euclides-da-cunha","tag-fatima","tag-heliopolis-2","tag-itapicuru","tag-jeremoabo","tag-nova-soure","tag-novo-triunfo","tag-olindina","tag-paripiranga","tag-quijingue","tag-ribeira-do-amparo","tag-ribeira-do-pombal","tag-sitio-do-quinto","tag-tucano"],"aioseo_notices":[],"_links":{"self":[{"href":"https:\/\/www.portalalerta.com.br\/index.php\/wp-json\/wp\/v2\/posts\/71920","targetHints":{"allow":["GET"]}}],"collection":[{"href":"https:\/\/www.portalalerta.com.br\/index.php\/wp-json\/wp\/v2\/posts"}],"about":[{"href":"https:\/\/www.portalalerta.com.br\/index.php\/wp-json\/wp\/v2\/types\/post"}],"author":[{"embeddable":true,"href":"https:\/\/www.portalalerta.com.br\/index.php\/wp-json\/wp\/v2\/users\/2"}],"replies":[{"embeddable":true,"href":"https:\/\/www.portalalerta.com.br\/index.php\/wp-json\/wp\/v2\/comments?post=71920"}],"version-history":[{"count":1,"href":"https:\/\/www.portalalerta.com.br\/index.php\/wp-json\/wp\/v2\/posts\/71920\/revisions"}],"predecessor-version":[{"id":71921,"href":"https:\/\/www.portalalerta.com.br\/index.php\/wp-json\/wp\/v2\/posts\/71920\/revisions\/71921"}],"wp:featuredmedia":[{"embeddable":true,"href":"https:\/\/www.portalalerta.com.br\/index.php\/wp-json\/wp\/v2\/media\/53282"}],"wp:attachment":[{"href":"https:\/\/www.portalalerta.com.br\/index.php\/wp-json\/wp\/v2\/media?parent=71920"}],"wp:term":[{"taxonomy":"category","embeddable":true,"href":"https:\/\/www.portalalerta.com.br\/index.php\/wp-json\/wp\/v2\/categories?post=71920"},{"taxonomy":"post_tag","embeddable":true,"href":"https:\/\/www.portalalerta.com.br\/index.php\/wp-json\/wp\/v2\/tags?post=71920"}],"curies":[{"name":"wp","href":"https:\/\/api.w.org\/{rel}","templated":true}]}}