{"id":71922,"date":"2025-05-16T14:34:56","date_gmt":"2025-05-16T17:34:56","guid":{"rendered":"https:\/\/www.portalalerta.com.br\/?p=71922"},"modified":"2025-05-16T20:16:35","modified_gmt":"2025-05-16T23:16:35","slug":"adustina-ba-completa-2-anos-se-registrar-homicidio","status":"publish","type":"post","link":"https:\/\/www.portalalerta.com.br\/index.php\/2025\/05\/16\/adustina-ba-completa-2-anos-se-registrar-homicidio\/","title":{"rendered":"Adustina-BA completa 2 anos sem registrar homic\u00eddio"},"content":{"rendered":"\n<p>Na \u00faltima quinta-feira (15), o munic\u00edpio de Adustina-BA completou 2 anos sem registrar homic\u00eddio. O \u00faltimo crime desta natureza aconteceu no dia 15 de maio de 2023, um intervalo de 731 dias.<\/p>\n\n\n\n<!--more-->\n\n\n<div class=\"wp-block-image\">\n<figure class=\"alignleft size-large is-resized\"><img fetchpriority=\"high\" decoding=\"async\" src=\"https:\/\/www.portalalerta.com.br\/wp-content\/uploads\/2025\/05\/Real-dia-das-maes-2025-819x1024.jpeg\" alt=\"\" class=\"wp-image-71620\" width=\"407\" height=\"509\" srcset=\"https:\/\/www.portalalerta.com.br\/wp-content\/uploads\/2025\/05\/Real-dia-das-maes-2025-819x1024.jpeg 819w, https:\/\/www.portalalerta.com.br\/wp-content\/uploads\/2025\/05\/Real-dia-das-maes-2025-192x240.jpeg 192w, https:\/\/www.portalalerta.com.br\/wp-content\/uploads\/2025\/05\/Real-dia-das-maes-2025-768x960.jpeg 768w, https:\/\/www.portalalerta.com.br\/wp-content\/uploads\/2025\/05\/Real-dia-das-maes-2025.jpeg 1024w\" sizes=\"(max-width: 407px) 100vw, 407px\" \/><\/figure><\/div>\n\n\n<p>Na \u00e9poca, Fernando Charles Rosa Santos, 34 anos, foi esfaqueado quando se encontrava na pra\u00e7a da feira. A v\u00edtima chegou a ser socorrida para o Hospital local, onde n\u00e3o resistiu e evoluiu a \u00f3bito. <a href=\"https:\/\/www.portalalerta.com.br\/index.php\/2023\/05\/17\/adustina-ba-registra-o-segundo-homicidio-do-ano\/\"><strong>Relembre<\/strong><\/a><\/p>\n\n\n\n<p>De acordo com o IBGE, Adustina \u00e9 habitada por 14.201 habitantes.<\/p>\n\n\n\n<figure class=\"wp-block-embed is-type-video is-provider-youtube wp-block-embed-youtube wp-embed-aspect-4-3 wp-has-aspect-ratio\"><div class=\"wp-block-embed__wrapper\">\n<iframe title=\"Adustina-BA completa 2 anos sem registrar homic\u00eddio\" width=\"500\" height=\"375\" src=\"https:\/\/www.youtube.com\/embed\/aFZ6mR0ak8g?feature=oembed\" frameborder=\"0\" allow=\"accelerometer; autoplay; clipboard-write; encrypted-media; gyroscope; picture-in-picture; web-share\" referrerpolicy=\"strict-origin-when-cross-origin\" allowfullscreen><\/iframe>\n<\/div><\/figure>\n\n\n\n<p><em>Reda\u00e7\u00e3o: Portal Alerta<\/em><\/p>\n","protected":false},"excerpt":{"rendered":"<p>Na \u00faltima quinta-feira (15), o munic\u00edpio de Adustina-BA completou 2 anos sem registrar homic\u00eddio. O \u00faltimo crime desta natureza aconteceu no dia 15 de maio de 2023, um intervalo de 731 dias.<\/p>\n","protected":false},"author":2,"featured_media":8522,"comment_status":"open","ping_status":"open","sticky":false,"template":"","format":"standard","meta":{"om_disable_all_campaigns":false,"_monsterinsights_skip_tracking":false,"_monsterinsights_sitenote_active":false,"_monsterinsights_sitenote_note":"","_monsterinsights_sitenote_category":0,"footnotes":""},"categories":[40,70,69,32,22],"tags":[100,71,48,75,4178,4180,129,107,4181,132,230,106,203,120,51,109,88,47,111,190],"class_list":["post-71922","post","type-post","status-publish","format-standard","has-post-thumbnail","hentry","category-adustina","category-destaques","category-noticias2","category-regiao","category-seguranca","tag-adustina","tag-antas","tag-araci","tag-cicero-dantas","tag-cipo-2","tag-crisopolis-2","tag-euclides-da-cunha","tag-fatima","tag-heliopolis-2","tag-itapicuru","tag-jeremoabo","tag-nova-soure","tag-novo-triunfo","tag-olindina","tag-paripiranga","tag-quijingue","tag-ribeira-do-amparo","tag-ribeira-do-pombal","tag-sitio-do-quinto","tag-tucano"],"aioseo_notices":[],"_links":{"self":[{"href":"https:\/\/www.portalalerta.com.br\/index.php\/wp-json\/wp\/v2\/posts\/71922","targetHints":{"allow":["GET"]}}],"collection":[{"href":"https:\/\/www.portalalerta.com.br\/index.php\/wp-json\/wp\/v2\/posts"}],"about":[{"href":"https:\/\/www.portalalerta.com.br\/index.php\/wp-json\/wp\/v2\/types\/post"}],"author":[{"embeddable":true,"href":"https:\/\/www.portalalerta.com.br\/index.php\/wp-json\/wp\/v2\/users\/2"}],"replies":[{"embeddable":true,"href":"https:\/\/www.portalalerta.com.br\/index.php\/wp-json\/wp\/v2\/comments?post=71922"}],"version-history":[{"count":3,"href":"https:\/\/www.portalalerta.com.br\/index.php\/wp-json\/wp\/v2\/posts\/71922\/revisions"}],"predecessor-version":[{"id":71938,"href":"https:\/\/www.portalalerta.com.br\/index.php\/wp-json\/wp\/v2\/posts\/71922\/revisions\/71938"}],"wp:featuredmedia":[{"embeddable":true,"href":"https:\/\/www.portalalerta.com.br\/index.php\/wp-json\/wp\/v2\/media\/8522"}],"wp:attachment":[{"href":"https:\/\/www.portalalerta.com.br\/index.php\/wp-json\/wp\/v2\/media?parent=71922"}],"wp:term":[{"taxonomy":"category","embeddable":true,"href":"https:\/\/www.portalalerta.com.br\/index.php\/wp-json\/wp\/v2\/categories?post=71922"},{"taxonomy":"post_tag","embeddable":true,"href":"https:\/\/www.portalalerta.com.br\/index.php\/wp-json\/wp\/v2\/tags?post=71922"}],"curies":[{"name":"wp","href":"https:\/\/api.w.org\/{rel}","templated":true}]}}