{"id":71924,"date":"2025-05-16T14:38:04","date_gmt":"2025-05-16T17:38:04","guid":{"rendered":"https:\/\/www.portalalerta.com.br\/?p=71924"},"modified":"2025-05-16T14:38:07","modified_gmt":"2025-05-16T17:38:07","slug":"lula-reune-ministros-e-lideres-para-discutir-cpmi-do-inss","status":"publish","type":"post","link":"https:\/\/www.portalalerta.com.br\/index.php\/2025\/05\/16\/lula-reune-ministros-e-lideres-para-discutir-cpmi-do-inss\/","title":{"rendered":"Lula re\u00fane ministros e l\u00edderes para discutir CPMI do INSS"},"content":{"rendered":"\n<p>Base aliada come\u00e7ou a admitir instala\u00e7\u00e3o do colegiado; no Planalto ainda h\u00e1 resist\u00eancia<\/p>\n\n\n\n<!--more-->\n\n\n\n<p>O presidente Luiz In\u00e1cio Lula da Silva (PT) est\u00e1 reunido, nesta sexta-feira (16), com ministros e l\u00edderes, no Pal\u00e1cio da Alvorada, para discutir o apoio do governo \u00e0 Comiss\u00e3o Parlamentar Mista de Inqu\u00e9rito (CPMI) que vai investigar as fraudes do Instituto Nacional do Seguro Social (INSS).<\/p>\n\n\n\n<p>Governistas est\u00e3o divididos sobre endossar ou n\u00e3o a instala\u00e7\u00e3o do colegiado. No Senado, h\u00e1 parlamentares que passaram a defender a cria\u00e7\u00e3o da comiss\u00e3o.<\/p>\n\n\n\n<p>H\u00e1 uma avalia\u00e7\u00e3o de que n\u00e3o \u00e9 poss\u00edvel mais reverter a instala\u00e7\u00e3o da CPMI e de que \u00e9 preciso guiar o processo para trazer o foco para a origem das fraudes, no governo do ent\u00e3o presidente Jair Bolsonaro (PL).<\/p>\n\n\n\n<p>Participam do encontro o l\u00edder do governo no Senado, Jaques Wagner (PT-BA), Sid\u00f4nio Palmeira, da Secretaria de Comunica\u00e7\u00e3o Social, Rui Costa (PT-BA), da Casa Civil, e a ministra da Secretaria de Rela\u00e7\u00f5es Institucionais, Gleisi Hoffmann (PT-PR). O ministro da Previd\u00eancia, Wolney Queiroz, tamb\u00e9m estaria na reuni\u00e3o.<\/p>\n\n\n\n<p>Base se manifesta sobre CPMI<\/p>\n\n\n\n<p>Apesar de ter sinalizado que talvez assinasse o requerimento da CPMI, o senador Jaques Wagner tamb\u00e9m chegou a ponderar que o Senado tem projetos mais importantes para tratar e n\u00e3o tem a capacidade de investiga\u00e7\u00e3o dos \u00f3rg\u00e3os competentes, como a Pol\u00edcia Federal.<\/p>\n\n\n\n<p>O senador Rog\u00e9rio Carvalho (SE), l\u00edder do PT na Casa, foi mais enf\u00e1tico e disse que<br>assinaria o requerimento de cria\u00e7\u00e3o do colegiado, o que incomodou parte dos governistas.<\/p>\n\n\n\n<p>\u201cO PT vai assinar, sim, essa CPI, e n\u00f3s vamos investigar, olhando, na linha do tempo, todos os fatos e todas as pessoas, como fizemos na CPI da Covid, como fizemos na CPI do 8 de Janeiro, sem nenhum tipo de problema de fazer investiga\u00e7\u00e3o mais profunda, porque \u00e9 isso que a gente quer, foi isso que o governo do presidente Lula fez, e \u00e9 por isso que a gente est\u00e1 aqui, fazendo esse debate\u201d, afirmou o senador durante o depoimento do ministro Wolney Queiroz \u00e0 Comiss\u00e3o de Transpar\u00eancia do Senado nessa quinta-feira (15).<\/p>\n\n\n\n<p><em>Fonte: CNN<\/em><\/p>\n","protected":false},"excerpt":{"rendered":"<p>Base aliada come\u00e7ou a admitir instala\u00e7\u00e3o do colegiado; no Planalto ainda h\u00e1 resist\u00eancia<\/p>\n","protected":false},"author":2,"featured_media":71916,"comment_status":"open","ping_status":"open","sticky":false,"template":"","format":"standard","meta":{"om_disable_all_campaigns":false,"_monsterinsights_skip_tracking":false,"_monsterinsights_sitenote_active":false,"_monsterinsights_sitenote_note":"","_monsterinsights_sitenote_category":0,"footnotes":""},"categories":[34,70,69,21],"tags":[100,71,48,75,4178,3459,4180,129,107,4181,1963,132,230,303,106,203,120,51,109,88,47,111,190],"class_list":["post-71924","post","type-post","status-publish","format-standard","has-post-thumbnail","hentry","category-brasil","category-destaques","category-noticias2","category-politica","tag-adustina","tag-antas","tag-araci","tag-cicero-dantas","tag-cipo-2","tag-cpmi","tag-crisopolis-2","tag-euclides-da-cunha","tag-fatima","tag-heliopolis-2","tag-inss","tag-itapicuru","tag-jeremoabo","tag-lula","tag-nova-soure","tag-novo-triunfo","tag-olindina","tag-paripiranga","tag-quijingue","tag-ribeira-do-amparo","tag-ribeira-do-pombal","tag-sitio-do-quinto","tag-tucano"],"aioseo_notices":[],"_links":{"self":[{"href":"https:\/\/www.portalalerta.com.br\/index.php\/wp-json\/wp\/v2\/posts\/71924","targetHints":{"allow":["GET"]}}],"collection":[{"href":"https:\/\/www.portalalerta.com.br\/index.php\/wp-json\/wp\/v2\/posts"}],"about":[{"href":"https:\/\/www.portalalerta.com.br\/index.php\/wp-json\/wp\/v2\/types\/post"}],"author":[{"embeddable":true,"href":"https:\/\/www.portalalerta.com.br\/index.php\/wp-json\/wp\/v2\/users\/2"}],"replies":[{"embeddable":true,"href":"https:\/\/www.portalalerta.com.br\/index.php\/wp-json\/wp\/v2\/comments?post=71924"}],"version-history":[{"count":1,"href":"https:\/\/www.portalalerta.com.br\/index.php\/wp-json\/wp\/v2\/posts\/71924\/revisions"}],"predecessor-version":[{"id":71925,"href":"https:\/\/www.portalalerta.com.br\/index.php\/wp-json\/wp\/v2\/posts\/71924\/revisions\/71925"}],"wp:featuredmedia":[{"embeddable":true,"href":"https:\/\/www.portalalerta.com.br\/index.php\/wp-json\/wp\/v2\/media\/71916"}],"wp:attachment":[{"href":"https:\/\/www.portalalerta.com.br\/index.php\/wp-json\/wp\/v2\/media?parent=71924"}],"wp:term":[{"taxonomy":"category","embeddable":true,"href":"https:\/\/www.portalalerta.com.br\/index.php\/wp-json\/wp\/v2\/categories?post=71924"},{"taxonomy":"post_tag","embeddable":true,"href":"https:\/\/www.portalalerta.com.br\/index.php\/wp-json\/wp\/v2\/tags?post=71924"}],"curies":[{"name":"wp","href":"https:\/\/api.w.org\/{rel}","templated":true}]}}