{"id":71947,"date":"2025-05-17T12:54:52","date_gmt":"2025-05-17T15:54:52","guid":{"rendered":"https:\/\/www.portalalerta.com.br\/?p=71947"},"modified":"2025-05-17T12:54:53","modified_gmt":"2025-05-17T15:54:53","slug":"cbf-convoca-eleicao-presidencial-para-25-de-maio-apos-afastamento-de-ednaldo","status":"publish","type":"post","link":"https:\/\/www.portalalerta.com.br\/index.php\/2025\/05\/17\/cbf-convoca-eleicao-presidencial-para-25-de-maio-apos-afastamento-de-ednaldo\/","title":{"rendered":"CBF convoca elei\u00e7\u00e3o presidencial para 25 de maio ap\u00f3s afastamento de Ednaldo"},"content":{"rendered":"\n<p>Elei\u00e7\u00e3o para definir a nova diretoria acontecer\u00e1 na v\u00e9spera da chegada de Carlo Ancelotti<\/p>\n\n\n\n<!--more-->\n\n\n\n<p>A CBF divulgou nesta sexta-feira (16) que a pr\u00f3xima elei\u00e7\u00e3o para a presid\u00eancia da entidade ser\u00e1 no dia 25 de maio, um domingo, v\u00e9spera da chegada do novo t\u00e9cnico da&nbsp;<a href=\"https:\/\/www.band.com.br\/tudo-sobre\/selecao-brasileira\"><strong>Sele\u00e7\u00e3o Brasileira<\/strong><\/a>, o italiano Carlo Ancelotti.<\/p>\n\n\n\n<p>A elei\u00e7\u00e3o foi convocada pelo interventor Fernando Jos\u00e9 Sarney, que foi designado pela Justi\u00e7a do Rio de Janeiro para programar a nova elei\u00e7\u00e3o depois do&nbsp;<a href=\"https:\/\/www.band.com.br\/radio-bandeirantes\/noticias\/justica-afasta-ednaldo-rodrigues-da-presidencia-da-cbf-202505151728\"><strong>afastamento de Ednaldo Rodrigues<\/strong><\/a>.<\/p>\n\n\n\n<p>O edital da nova elei\u00e7\u00e3o ser\u00e1 publicado neste s\u00e1bado, dia 17. O registro das chapas interessadas poder\u00e1 ser feito entre os dias 18 e 20 (domingo a ter\u00e7a-feira). Em seguida, no dia 25, acontecer\u00e1 a elei\u00e7\u00e3o.<\/p>\n\n\n\n<p>Curiosamente, a elei\u00e7\u00e3o para definir o novo presidente da CBF acontece na v\u00e9spera da chegada de Ancelotti. O italiano \u00e9 esperado no Brasil no dia 26 deste m\u00eas, quando far\u00e1 a convoca\u00e7\u00e3o do time para os jogos contra Equador e Paraguai, pelas Eliminat\u00f3rias.<\/p>\n\n\n\n<p>A convoca\u00e7\u00e3o de nova elei\u00e7\u00e3o acontece um dia ap\u00f3s o Tribunal de Justi\u00e7a do Rio de Janeiro determinar o afastamento de Ednaldo Rodrigues da presid\u00eancia da CBF.&nbsp;<a href=\"https:\/\/www.band.com.br\/radio-bandeirantes\/noticias\/ednaldo-rodrigues-vai-recorrer-de-decisao-da-justica-do-rio-202505151827\"><strong>Surpreendido com a decis\u00e3o, o dirigente vai recorrer<\/strong><\/a>.<\/p>\n\n\n\n<p>Al\u00e9m do novo presidente da CBF, a vota\u00e7\u00e3o vai definir oito vice-presidentes, tr\u00eas membros efetivos e tr\u00eas membros suplentes do Conselho Fiscal.<\/p>\n\n\n\n<p><em>Fonte: Band.com.br<\/em><\/p>\n","protected":false},"excerpt":{"rendered":"<p>Elei\u00e7\u00e3o para definir a nova diretoria acontecer\u00e1 na v\u00e9spera da chegada de Carlo Ancelotti<\/p>\n","protected":false},"author":2,"featured_media":71945,"comment_status":"open","ping_status":"open","sticky":false,"template":"","format":"standard","meta":{"om_disable_all_campaigns":false,"_monsterinsights_skip_tracking":false,"_monsterinsights_sitenote_active":false,"_monsterinsights_sitenote_note":"","_monsterinsights_sitenote_category":0,"footnotes":""},"categories":[34,70,2,69],"tags":[100,71,48,764,75,4178,4180,6389,381,129,107,4181,132,230,106,203,120,51,109,88,47,111,190],"class_list":["post-71947","post","type-post","status-publish","format-standard","has-post-thumbnail","hentry","category-brasil","category-destaques","category-esportes","category-noticias2","tag-adustina","tag-antas","tag-araci","tag-cbf","tag-cicero-dantas","tag-cipo-2","tag-crisopolis-2","tag-ednaldo-rodrigues","tag-eleicoes","tag-euclides-da-cunha","tag-fatima","tag-heliopolis-2","tag-itapicuru","tag-jeremoabo","tag-nova-soure","tag-novo-triunfo","tag-olindina","tag-paripiranga","tag-quijingue","tag-ribeira-do-amparo","tag-ribeira-do-pombal","tag-sitio-do-quinto","tag-tucano"],"aioseo_notices":[],"_links":{"self":[{"href":"https:\/\/www.portalalerta.com.br\/index.php\/wp-json\/wp\/v2\/posts\/71947","targetHints":{"allow":["GET"]}}],"collection":[{"href":"https:\/\/www.portalalerta.com.br\/index.php\/wp-json\/wp\/v2\/posts"}],"about":[{"href":"https:\/\/www.portalalerta.com.br\/index.php\/wp-json\/wp\/v2\/types\/post"}],"author":[{"embeddable":true,"href":"https:\/\/www.portalalerta.com.br\/index.php\/wp-json\/wp\/v2\/users\/2"}],"replies":[{"embeddable":true,"href":"https:\/\/www.portalalerta.com.br\/index.php\/wp-json\/wp\/v2\/comments?post=71947"}],"version-history":[{"count":1,"href":"https:\/\/www.portalalerta.com.br\/index.php\/wp-json\/wp\/v2\/posts\/71947\/revisions"}],"predecessor-version":[{"id":71948,"href":"https:\/\/www.portalalerta.com.br\/index.php\/wp-json\/wp\/v2\/posts\/71947\/revisions\/71948"}],"wp:featuredmedia":[{"embeddable":true,"href":"https:\/\/www.portalalerta.com.br\/index.php\/wp-json\/wp\/v2\/media\/71945"}],"wp:attachment":[{"href":"https:\/\/www.portalalerta.com.br\/index.php\/wp-json\/wp\/v2\/media?parent=71947"}],"wp:term":[{"taxonomy":"category","embeddable":true,"href":"https:\/\/www.portalalerta.com.br\/index.php\/wp-json\/wp\/v2\/categories?post=71947"},{"taxonomy":"post_tag","embeddable":true,"href":"https:\/\/www.portalalerta.com.br\/index.php\/wp-json\/wp\/v2\/tags?post=71947"}],"curies":[{"name":"wp","href":"https:\/\/api.w.org\/{rel}","templated":true}]}}