{"id":71951,"date":"2025-05-17T13:03:10","date_gmt":"2025-05-17T16:03:10","guid":{"rendered":"https:\/\/www.portalalerta.com.br\/?p=71951"},"modified":"2025-05-17T13:03:12","modified_gmt":"2025-05-17T16:03:12","slug":"ministerio-da-agricultura-suspende-exportacoes-de-carne-de-frango-do-rs-para-todos-os-paises","status":"publish","type":"post","link":"https:\/\/www.portalalerta.com.br\/index.php\/2025\/05\/17\/ministerio-da-agricultura-suspende-exportacoes-de-carne-de-frango-do-rs-para-todos-os-paises\/","title":{"rendered":"Minist\u00e9rio da Agricultura suspende exporta\u00e7\u00f5es de carne de frango do RS para todos os pa\u00edses"},"content":{"rendered":"\n<p>Rio Grande do Sul \u00e9 o 3\u00ba maior exportador de carne de frangos do Brasil<\/p>\n\n\n\n<!--more-->\n\n\n\n<p>O Minist\u00e9rio da Agricultura, Pecu\u00e1ria e Abastecimento (Mapa) confirmou, na tarde desta sexta-feira (16) que decidiu&nbsp;<strong>suspender todas as exporta\u00e7\u00f5es de carne de frango do Rio Grande do Sul para todos os pa\u00edses do mundo.<\/strong>&nbsp;<a href=\"https:\/\/www.band.com.br\/economia\/noticias\/exportacoes-de-carne-de-frango-do-brasil-para-ue-estao-suspensas-informa-favaro-202505161348\"><strong>Pela manh\u00e3, as exporta\u00e7\u00f5es para pa\u00edses como a China e os pa\u00edses da Uni\u00e3o Europeia j\u00e1 haviam sido suspensas como medida de preven\u00e7\u00e3o<\/strong><\/a>. A China adota um protocolo autom\u00e1tico de suspens\u00e3o em caso de gripe avi\u00e1ria, por pelo menos 60 dias.<\/p>\n\n\n<div class=\"wp-block-image\">\n<figure class=\"alignleft size-large is-resized\"><img decoding=\"async\" src=\"https:\/\/www.portalalerta.com.br\/wp-content\/uploads\/2025\/05\/Real-dia-das-maes-2025-819x1024.jpeg\" alt=\"\" class=\"wp-image-71620\" width=\"435\" srcset=\"https:\/\/www.portalalerta.com.br\/wp-content\/uploads\/2025\/05\/Real-dia-das-maes-2025-819x1024.jpeg 819w, https:\/\/www.portalalerta.com.br\/wp-content\/uploads\/2025\/05\/Real-dia-das-maes-2025-192x240.jpeg 192w, https:\/\/www.portalalerta.com.br\/wp-content\/uploads\/2025\/05\/Real-dia-das-maes-2025-768x960.jpeg 768w, https:\/\/www.portalalerta.com.br\/wp-content\/uploads\/2025\/05\/Real-dia-das-maes-2025.jpeg 1024w\" sizes=\"(max-width: 819px) 100vw, 819px\" \/><\/figure><\/div>\n\n\n<p><a href=\"https:\/\/www.band.com.br\/noticias\/brasil-confirma-primeiro-foco-de-gripe-aviaria-em-granja-comercial-202505160817\"><strong>O foco de gripe avi\u00e1ria, o 1\u00ba registrado no Brasil em um criat\u00f3rio comercial, ocorreu na cidade de Montenegro, no Vale do Ca\u00ed, interior do Rio Grande do Sul.<\/strong><\/a>&nbsp;Trinta e cinco aves apresentaram sintomas de gripe avi\u00e1ria e o laborat\u00f3rio do Mapa, em Campinas (SP), respons\u00e1vel pela an\u00e1lise das aves, confirmou a presen\u00e7a do v\u00edrus H5N1.&nbsp;<\/p>\n\n\n\n<p>O&nbsp;<a href=\"https:\/\/www.band.com.br\/agro\/noticias\/brasil-exporta-479-milhoes-de-toneladas-de-carne-de-frango-em-abril-202505081700\"><strong>Rio Grande do Sul exportou, em abril, 64,8 mil toneladas de carne de frango.&nbsp;<\/strong><\/a>O estado \u00e9 o 3\u00ba mais importante na pauta de exporta\u00e7\u00e3o do produto.&nbsp;<\/p>\n\n\n\n<p>Na manh\u00e3 desta sexta-feira, o Mapa tamb\u00e9m j\u00e1 confirmou que os \u00f3rg\u00e3os de defesa agropecu\u00e1ria est\u00e3o aplicando o protocolos do Plano Nacional de Conting\u00eancia da Gripe Avi\u00e1ria. Todas as aves da propriedade onde o foco foi identificado foram sacrificadas e os agentes est\u00e3o realizando uma varredura em todas as propriedades localizadas em um raio de 10 km do local para evitar novas contamina\u00e7\u00f5es. Na regi\u00e3o, aves que morreram em um zool\u00f3gico tamb\u00e9m est\u00e3o sendo analisadas.<\/p>\n\n\n\n<p><em>Fonte: Band.com.br<\/em><\/p>\n","protected":false},"excerpt":{"rendered":"<p>Rio Grande do Sul \u00e9 o 3\u00ba maior exportador de carne de frangos do Brasil<\/p>\n","protected":false},"author":2,"featured_media":28474,"comment_status":"open","ping_status":"open","sticky":false,"template":"","format":"standard","meta":{"om_disable_all_campaigns":false,"_monsterinsights_skip_tracking":false,"_monsterinsights_sitenote_active":false,"_monsterinsights_sitenote_note":"","_monsterinsights_sitenote_category":0,"footnotes":""},"categories":[34,70,35,69],"tags":[100,71,48,75,4178,4180,129,2501,107,8008,4181,132,230,2165,106,203,120,51,109,88,47,854,111,190],"class_list":["post-71951","post","type-post","status-publish","format-standard","has-post-thumbnail","hentry","category-brasil","category-destaques","category-mundo","category-noticias2","tag-adustina","tag-antas","tag-araci","tag-cicero-dantas","tag-cipo-2","tag-crisopolis-2","tag-euclides-da-cunha","tag-exportacao","tag-fatima","tag-gripe-aviaria","tag-heliopolis-2","tag-itapicuru","tag-jeremoabo","tag-ministerio-da-agricultura","tag-nova-soure","tag-novo-triunfo","tag-olindina","tag-paripiranga","tag-quijingue","tag-ribeira-do-amparo","tag-ribeira-do-pombal","tag-rio-grande-do-sul","tag-sitio-do-quinto","tag-tucano"],"aioseo_notices":[],"_links":{"self":[{"href":"https:\/\/www.portalalerta.com.br\/index.php\/wp-json\/wp\/v2\/posts\/71951","targetHints":{"allow":["GET"]}}],"collection":[{"href":"https:\/\/www.portalalerta.com.br\/index.php\/wp-json\/wp\/v2\/posts"}],"about":[{"href":"https:\/\/www.portalalerta.com.br\/index.php\/wp-json\/wp\/v2\/types\/post"}],"author":[{"embeddable":true,"href":"https:\/\/www.portalalerta.com.br\/index.php\/wp-json\/wp\/v2\/users\/2"}],"replies":[{"embeddable":true,"href":"https:\/\/www.portalalerta.com.br\/index.php\/wp-json\/wp\/v2\/comments?post=71951"}],"version-history":[{"count":1,"href":"https:\/\/www.portalalerta.com.br\/index.php\/wp-json\/wp\/v2\/posts\/71951\/revisions"}],"predecessor-version":[{"id":71952,"href":"https:\/\/www.portalalerta.com.br\/index.php\/wp-json\/wp\/v2\/posts\/71951\/revisions\/71952"}],"wp:featuredmedia":[{"embeddable":true,"href":"https:\/\/www.portalalerta.com.br\/index.php\/wp-json\/wp\/v2\/media\/28474"}],"wp:attachment":[{"href":"https:\/\/www.portalalerta.com.br\/index.php\/wp-json\/wp\/v2\/media?parent=71951"}],"wp:term":[{"taxonomy":"category","embeddable":true,"href":"https:\/\/www.portalalerta.com.br\/index.php\/wp-json\/wp\/v2\/categories?post=71951"},{"taxonomy":"post_tag","embeddable":true,"href":"https:\/\/www.portalalerta.com.br\/index.php\/wp-json\/wp\/v2\/tags?post=71951"}],"curies":[{"name":"wp","href":"https:\/\/api.w.org\/{rel}","templated":true}]}}