{"id":71960,"date":"2025-05-18T18:21:06","date_gmt":"2025-05-18T21:21:06","guid":{"rendered":"https:\/\/www.portalalerta.com.br\/?p=71960"},"modified":"2025-05-18T18:21:07","modified_gmt":"2025-05-18T21:21:07","slug":"policia-cumpre-mandado-de-prisao-contra-pombalense-em-sao-paulo-com-base-na-lei-maria-da-penha","status":"publish","type":"post","link":"https:\/\/www.portalalerta.com.br\/index.php\/2025\/05\/18\/policia-cumpre-mandado-de-prisao-contra-pombalense-em-sao-paulo-com-base-na-lei-maria-da-penha\/","title":{"rendered":"Pol\u00edcia cumpre mandado de pris\u00e3o contra pombalense em S\u00e3o Paulo, com base na Lei Maria da Penha"},"content":{"rendered":"\n<p>Um homem foi preso na \u00faltima sexta-feira (16), em Ol\u00edmpia-SP, por conta de um mandado de pris\u00e3o da Comarca de Ribeira do Pombal-BA.<\/p>\n\n\n\n<!--more-->\n\n\n\n<p>A pris\u00e3o aconteceu ap\u00f3s uma troca de informa\u00e7\u00f5es entre policiais civis e militares de S\u00e3o Paulo, que apontaram a exist\u00eancia de um mandado de pris\u00e3o em desfavor do homem identificado pelas iniciais V.D.S.R, acusado de viol\u00eancia dom\u00e9stica contra a mulher.<\/p>\n\n\n\n<p>Diante dos fatos, os militares se dirigiram at\u00e9 o local, onde cumpriram a ordem judicial, e conduziram o mesmo at\u00e9 a carceragem da Pol\u00edcia Civil, onde se encontra \u00e0 disposi\u00e7\u00e3o da justi\u00e7a.<\/p>\n\n\n\n<p><em>Reda\u00e7\u00e3o: Portal Alerta<\/em><\/p>\n","protected":false},"excerpt":{"rendered":"<p>Um homem foi preso na \u00faltima sexta-feira (16), em Ol\u00edmpia-SP, por conta de um mandado de pris\u00e3o da Comarca de Ribeira do Pombal-BA.<\/p>\n","protected":false},"author":2,"featured_media":71956,"comment_status":"open","ping_status":"open","sticky":false,"template":"","format":"standard","meta":{"om_disable_all_campaigns":false,"_monsterinsights_skip_tracking":false,"_monsterinsights_sitenote_active":false,"_monsterinsights_sitenote_note":"","_monsterinsights_sitenote_category":0,"footnotes":""},"categories":[34,70,69,32,3,22],"tags":[100,71,48,75,4178,4180,129,107,4181,132,230,4756,488,106,203,8010,8009,120,51,122,79,77,109,88,47,404,111,190,523],"class_list":["post-71960","post","type-post","status-publish","format-standard","has-post-thumbnail","hentry","category-brasil","category-destaques","category-noticias2","category-regiao","category-ribeira-do-pombal","category-seguranca","tag-adustina","tag-antas","tag-araci","tag-cicero-dantas","tag-cipo-2","tag-crisopolis-2","tag-euclides-da-cunha","tag-fatima","tag-heliopolis-2","tag-itapicuru","tag-jeremoabo","tag-lei-maria-da-penha","tag-mandado-de-prisao","tag-nova-soure","tag-novo-triunfo","tag-olimpia","tag-olimpiasp","tag-olindina","tag-paripiranga","tag-policia-civil","tag-policia-militar","tag-preso","tag-quijingue","tag-ribeira-do-amparo","tag-ribeira-do-pombal","tag-sao-paulo","tag-sitio-do-quinto","tag-tucano","tag-violencia-domestica"],"aioseo_notices":[],"_links":{"self":[{"href":"https:\/\/www.portalalerta.com.br\/index.php\/wp-json\/wp\/v2\/posts\/71960","targetHints":{"allow":["GET"]}}],"collection":[{"href":"https:\/\/www.portalalerta.com.br\/index.php\/wp-json\/wp\/v2\/posts"}],"about":[{"href":"https:\/\/www.portalalerta.com.br\/index.php\/wp-json\/wp\/v2\/types\/post"}],"author":[{"embeddable":true,"href":"https:\/\/www.portalalerta.com.br\/index.php\/wp-json\/wp\/v2\/users\/2"}],"replies":[{"embeddable":true,"href":"https:\/\/www.portalalerta.com.br\/index.php\/wp-json\/wp\/v2\/comments?post=71960"}],"version-history":[{"count":1,"href":"https:\/\/www.portalalerta.com.br\/index.php\/wp-json\/wp\/v2\/posts\/71960\/revisions"}],"predecessor-version":[{"id":71961,"href":"https:\/\/www.portalalerta.com.br\/index.php\/wp-json\/wp\/v2\/posts\/71960\/revisions\/71961"}],"wp:featuredmedia":[{"embeddable":true,"href":"https:\/\/www.portalalerta.com.br\/index.php\/wp-json\/wp\/v2\/media\/71956"}],"wp:attachment":[{"href":"https:\/\/www.portalalerta.com.br\/index.php\/wp-json\/wp\/v2\/media?parent=71960"}],"wp:term":[{"taxonomy":"category","embeddable":true,"href":"https:\/\/www.portalalerta.com.br\/index.php\/wp-json\/wp\/v2\/categories?post=71960"},{"taxonomy":"post_tag","embeddable":true,"href":"https:\/\/www.portalalerta.com.br\/index.php\/wp-json\/wp\/v2\/tags?post=71960"}],"curies":[{"name":"wp","href":"https:\/\/api.w.org\/{rel}","templated":true}]}}