{"id":71962,"date":"2025-05-18T18:25:11","date_gmt":"2025-05-18T21:25:11","guid":{"rendered":"https:\/\/www.portalalerta.com.br\/?p=71962"},"modified":"2025-05-18T18:25:12","modified_gmt":"2025-05-18T21:25:12","slug":"homem-e-preso-com-facao-apos-agredir-mulher-em-fatima-ba","status":"publish","type":"post","link":"https:\/\/www.portalalerta.com.br\/index.php\/2025\/05\/18\/homem-e-preso-com-facao-apos-agredir-mulher-em-fatima-ba\/","title":{"rendered":"Homem \u00e9 preso com fac\u00e3o ap\u00f3s agredir mulher em F\u00e1tima-BA"},"content":{"rendered":"\n<p>Por volta das 19h45 da \u00faltima quarta-feira (14), policiais militares da 21\u00aa CIPM foram solicitados via telefone funcional para atenderem a uma ocorr\u00eancia de vias de fato entre familiares.<\/p>\n\n\n\n<!--more-->\n\n\n<div class=\"wp-block-image\">\n<figure class=\"alignleft size-large is-resized\"><img fetchpriority=\"high\" decoding=\"async\" src=\"https:\/\/www.portalalerta.com.br\/wp-content\/uploads\/2024\/04\/autoescola-emprego-1024x1024.jpg\" alt=\"\" class=\"wp-image-55693\" width=\"435\" height=\"435\" srcset=\"https:\/\/www.portalalerta.com.br\/wp-content\/uploads\/2024\/04\/autoescola-emprego-1024x1024.jpg 1024w, https:\/\/www.portalalerta.com.br\/wp-content\/uploads\/2024\/04\/autoescola-emprego-240x240.jpg 240w, https:\/\/www.portalalerta.com.br\/wp-content\/uploads\/2024\/04\/autoescola-emprego-768x768.jpg 768w, https:\/\/www.portalalerta.com.br\/wp-content\/uploads\/2024\/04\/autoescola-emprego.jpg 1080w\" sizes=\"(max-width: 435px) 100vw, 435px\" \/><\/figure><\/div>\n\n\n<p>Segundo informa\u00e7\u00f5es, uma mulher de 53 anos havia sido agredida. De imediato a guarni\u00e7\u00e3o deslocou para a Av. Isaura Borges, centro de F\u00e1tima-BA, constatando as les\u00f5es na v\u00edtima, que informou que o autor estaria em posse de um fac\u00e3o.<\/p>\n\n\n\n<p>Ap\u00f3s dilig\u00eancia, o autor identificado pelas iniciais E.L.S, 24 anos, foi localizado juntamente com o fac\u00e3o, sendo ent\u00e3o efetuada a sua pris\u00e3o. Desta feita foram conduzidos autor e v\u00edtima \u00e0 Delegacia para a tomada das medidas cab\u00edveis.<br><br><em>Fonte: 21\u00aa CIPM<\/em><\/p>\n","protected":false},"excerpt":{"rendered":"<p>Por volta das 19h45 da \u00faltima quarta-feira (14), policiais militares da 21\u00aa CIPM foram solicitados via telefone funcional para atenderem a uma ocorr\u00eancia de vias de fato entre familiares.<\/p>\n","protected":false},"author":2,"featured_media":71957,"comment_status":"open","ping_status":"open","sticky":false,"template":"","format":"standard","meta":{"om_disable_all_campaigns":false,"_monsterinsights_skip_tracking":false,"_monsterinsights_sitenote_active":false,"_monsterinsights_sitenote_note":"","_monsterinsights_sitenote_category":0,"footnotes":""},"categories":[70,10,69,32,22],"tags":[100,71,48,75,4178,4180,129,107,4181,132,230,322,106,203,120,51,77,109,88,47,111,190],"class_list":["post-71962","post","type-post","status-publish","format-standard","has-post-thumbnail","hentry","category-destaques","category-fatima","category-noticias2","category-regiao","category-seguranca","tag-adustina","tag-antas","tag-araci","tag-cicero-dantas","tag-cipo-2","tag-crisopolis-2","tag-euclides-da-cunha","tag-fatima","tag-heliopolis-2","tag-itapicuru","tag-jeremoabo","tag-lesao-corporal","tag-nova-soure","tag-novo-triunfo","tag-olindina","tag-paripiranga","tag-preso","tag-quijingue","tag-ribeira-do-amparo","tag-ribeira-do-pombal","tag-sitio-do-quinto","tag-tucano"],"aioseo_notices":[],"_links":{"self":[{"href":"https:\/\/www.portalalerta.com.br\/index.php\/wp-json\/wp\/v2\/posts\/71962","targetHints":{"allow":["GET"]}}],"collection":[{"href":"https:\/\/www.portalalerta.com.br\/index.php\/wp-json\/wp\/v2\/posts"}],"about":[{"href":"https:\/\/www.portalalerta.com.br\/index.php\/wp-json\/wp\/v2\/types\/post"}],"author":[{"embeddable":true,"href":"https:\/\/www.portalalerta.com.br\/index.php\/wp-json\/wp\/v2\/users\/2"}],"replies":[{"embeddable":true,"href":"https:\/\/www.portalalerta.com.br\/index.php\/wp-json\/wp\/v2\/comments?post=71962"}],"version-history":[{"count":1,"href":"https:\/\/www.portalalerta.com.br\/index.php\/wp-json\/wp\/v2\/posts\/71962\/revisions"}],"predecessor-version":[{"id":71963,"href":"https:\/\/www.portalalerta.com.br\/index.php\/wp-json\/wp\/v2\/posts\/71962\/revisions\/71963"}],"wp:featuredmedia":[{"embeddable":true,"href":"https:\/\/www.portalalerta.com.br\/index.php\/wp-json\/wp\/v2\/media\/71957"}],"wp:attachment":[{"href":"https:\/\/www.portalalerta.com.br\/index.php\/wp-json\/wp\/v2\/media?parent=71962"}],"wp:term":[{"taxonomy":"category","embeddable":true,"href":"https:\/\/www.portalalerta.com.br\/index.php\/wp-json\/wp\/v2\/categories?post=71962"},{"taxonomy":"post_tag","embeddable":true,"href":"https:\/\/www.portalalerta.com.br\/index.php\/wp-json\/wp\/v2\/tags?post=71962"}],"curies":[{"name":"wp","href":"https:\/\/api.w.org\/{rel}","templated":true}]}}