{"id":71966,"date":"2025-05-18T18:32:12","date_gmt":"2025-05-18T21:32:12","guid":{"rendered":"https:\/\/www.portalalerta.com.br\/?p=71966"},"modified":"2025-05-18T18:32:13","modified_gmt":"2025-05-18T21:32:13","slug":"duas-pessoas-morrem-em-grave-acidente-de-transito-ocorrido-em-nova-soure-ba","status":"publish","type":"post","link":"https:\/\/www.portalalerta.com.br\/index.php\/2025\/05\/18\/duas-pessoas-morrem-em-grave-acidente-de-transito-ocorrido-em-nova-soure-ba\/","title":{"rendered":"Duas pessoas morrem em grave acidente de tr\u00e2nsito ocorrido em Nova Soure-BA"},"content":{"rendered":"\n<p>Por volta das 21h50 da \u00faltima sexta-feira (16), um acidente envolvendo 03 ve\u00edculos, sendo um Volkswagen Kombi, uma picape Fiat Strada e uma moto Honda Bros, deixou duas pessoas mortas e duas feridas.<\/p>\n\n\n\n<!--more-->\n\n\n\n<p>A colis\u00e3o aconteceu na BA 084, em Nova Soure-BA. As v\u00edtimas fatais eram ocupantes da Kombi, Jos\u00e9 Cl\u00f3vis Xavier da Costa, 59 anos (condutor), e Eduardo Barbosa de Santana, 57 anos (passageiro), ambos moradores do povoado Vila do Estado. Os feridos foram socorridos para o Hospital Municipal Sagrado Cora\u00e7\u00e3o de Jesus, onde n\u00e3o tiveram seus respectivos quadros cl\u00ednicos divulgados.<\/p>\n\n\n\n<p>O acidente mobilizou policiais militares da cidade, SAMU e o Departamento de Pol\u00edcia T\u00e9cnica (DPT \u2013 Euclides da Cunha).<\/p>\n\n\n\n<p>As circunst\u00e2ncias do acidente dever\u00e3o ser investigadas<\/p>\n\n\n\n<p><em>Reda\u00e7\u00e3o: Portal Alerta&nbsp;<\/em><\/p>\n","protected":false},"excerpt":{"rendered":"<p>Por volta das 21h50 da \u00faltima sexta-feira (16), um acidente envolvendo 03 ve\u00edculos, sendo um Volkswagen Kombi, uma picape Fiat Strada e uma moto Honda Bros, deixou duas pessoas mortas e duas feridas.<\/p>\n","protected":false},"author":2,"featured_media":71958,"comment_status":"open","ping_status":"open","sticky":false,"template":"","format":"standard","meta":{"om_disable_all_campaigns":false,"_monsterinsights_skip_tracking":false,"_monsterinsights_sitenote_active":false,"_monsterinsights_sitenote_note":"","_monsterinsights_sitenote_category":0,"footnotes":""},"categories":[70,69,14,32],"tags":[5463,100,71,48,878,75,4178,4180,129,107,393,4181,132,230,439,106,203,120,51,109,88,47,111,190],"class_list":["post-71966","post","type-post","status-publish","format-standard","has-post-thumbnail","hentry","category-destaques","category-noticias2","category-nova-soure","category-regiao","tag-acidente-de-transito","tag-adustina","tag-antas","tag-araci","tag-ba-084","tag-cicero-dantas","tag-cipo-2","tag-crisopolis-2","tag-euclides-da-cunha","tag-fatima","tag-feridos","tag-heliopolis-2","tag-itapicuru","tag-jeremoabo","tag-mortes","tag-nova-soure","tag-novo-triunfo","tag-olindina","tag-paripiranga","tag-quijingue","tag-ribeira-do-amparo","tag-ribeira-do-pombal","tag-sitio-do-quinto","tag-tucano"],"aioseo_notices":[],"_links":{"self":[{"href":"https:\/\/www.portalalerta.com.br\/index.php\/wp-json\/wp\/v2\/posts\/71966","targetHints":{"allow":["GET"]}}],"collection":[{"href":"https:\/\/www.portalalerta.com.br\/index.php\/wp-json\/wp\/v2\/posts"}],"about":[{"href":"https:\/\/www.portalalerta.com.br\/index.php\/wp-json\/wp\/v2\/types\/post"}],"author":[{"embeddable":true,"href":"https:\/\/www.portalalerta.com.br\/index.php\/wp-json\/wp\/v2\/users\/2"}],"replies":[{"embeddable":true,"href":"https:\/\/www.portalalerta.com.br\/index.php\/wp-json\/wp\/v2\/comments?post=71966"}],"version-history":[{"count":1,"href":"https:\/\/www.portalalerta.com.br\/index.php\/wp-json\/wp\/v2\/posts\/71966\/revisions"}],"predecessor-version":[{"id":71967,"href":"https:\/\/www.portalalerta.com.br\/index.php\/wp-json\/wp\/v2\/posts\/71966\/revisions\/71967"}],"wp:featuredmedia":[{"embeddable":true,"href":"https:\/\/www.portalalerta.com.br\/index.php\/wp-json\/wp\/v2\/media\/71958"}],"wp:attachment":[{"href":"https:\/\/www.portalalerta.com.br\/index.php\/wp-json\/wp\/v2\/media?parent=71966"}],"wp:term":[{"taxonomy":"category","embeddable":true,"href":"https:\/\/www.portalalerta.com.br\/index.php\/wp-json\/wp\/v2\/categories?post=71966"},{"taxonomy":"post_tag","embeddable":true,"href":"https:\/\/www.portalalerta.com.br\/index.php\/wp-json\/wp\/v2\/tags?post=71966"}],"curies":[{"name":"wp","href":"https:\/\/api.w.org\/{rel}","templated":true}]}}