{"id":72211,"date":"2025-05-27T16:55:45","date_gmt":"2025-05-27T19:55:45","guid":{"rendered":"https:\/\/www.portalalerta.com.br\/?p=72211"},"modified":"2025-05-27T16:55:46","modified_gmt":"2025-05-27T19:55:46","slug":"feira-de-saude-da-vila-rodrigues-realiza-835-atendimentos-nesta-segunda-feira-e-reforca-compromisso-com-a-saude-no-campo","status":"publish","type":"post","link":"https:\/\/www.portalalerta.com.br\/index.php\/2025\/05\/27\/feira-de-saude-da-vila-rodrigues-realiza-835-atendimentos-nesta-segunda-feira-e-reforca-compromisso-com-a-saude-no-campo\/","title":{"rendered":"Feira de Sa\u00fade da Vila Rodrigues realiza 835 atendimentos nesta segunda-feira e refor\u00e7a compromisso com a sa\u00fade no campo"},"content":{"rendered":"\n<p>A Prefeitura de Ribeira do Pombal, atrav\u00e9s da&nbsp;Secretaria Municipal de Sa\u00fade, realizou com sucesso nesta&nbsp;segunda-feira (27\/05)&nbsp;a&nbsp;Feira de Sa\u00fade&nbsp;no&nbsp;Distrito Vila Rodrigues, promovendo um dia inteiro de cuidados, acolhimento e promo\u00e7\u00e3o da sa\u00fade para a popula\u00e7\u00e3o local e comunidades vizinhas.<\/p>\n\n\n\n<!--more-->\n\n\n\n<p>Ao todo, foram realizados&nbsp;835 atendimentos, com oferta de consultas especializadas em&nbsp;cardiologia, cl\u00ednica geral, dermatologia, otorrinolaringologia, ortopedia, pediatria e odontologia.<\/p>\n\n\n\n<p>Al\u00e9m das consultas, a popula\u00e7\u00e3o teve acesso a&nbsp;exames laboratoriais&nbsp;e&nbsp;ultrassonografias, ampliando o diagn\u00f3stico e o acompanhamento das condi\u00e7\u00f5es de sa\u00fade, especialmente para quem vive na zona rural.<\/p>\n\n\n\n<p>A a\u00e7\u00e3o faz parte do cronograma de&nbsp;a\u00e7\u00f5es itinerantes da Secretaria de Sa\u00fade, que busca aproximar os servi\u00e7os da popula\u00e7\u00e3o, descentralizando o atendimento e fortalecendo a&nbsp;aten\u00e7\u00e3o prim\u00e1ria&nbsp;no munic\u00edpio.<\/p>\n\n\n\n<p>\u201cNossa miss\u00e3o \u00e9 garantir que todos, independente da regi\u00e3o onde moram, tenham acesso \u00e0 sa\u00fade p\u00fablica de qualidade. A Feira da Vila Rodrigues foi mais um exemplo do nosso compromisso com as pessoas\u201d, destacou a equipe da Secretaria de Sa\u00fade.<\/p>\n\n\n\n<p><em>Fonte: SECOM\/ Ribeira do Pombal<\/em><\/p>\n","protected":false},"excerpt":{"rendered":"<p>A Prefeitura de Ribeira do Pombal, atrav\u00e9s da&nbsp;Secretaria Municipal de Sa\u00fade, realizou com sucesso nesta&nbsp;segunda-feira (27\/05)&nbsp;a&nbsp;Feira de Sa\u00fade&nbsp;no&nbsp;Distrito Vila Rodrigues, promovendo um dia inteiro de cuidados, acolhimento e promo\u00e7\u00e3o da sa\u00fade para a popula\u00e7\u00e3o local e comunidades vizinhas.<\/p>\n","protected":false},"author":2,"featured_media":72213,"comment_status":"open","ping_status":"open","sticky":false,"template":"","format":"standard","meta":{"om_disable_all_campaigns":false,"_monsterinsights_skip_tracking":false,"_monsterinsights_sitenote_active":false,"_monsterinsights_sitenote_note":"","_monsterinsights_sitenote_category":0,"footnotes":""},"categories":[70,69,32,3,19],"tags":[],"class_list":["post-72211","post","type-post","status-publish","format-standard","has-post-thumbnail","hentry","category-destaques","category-noticias2","category-regiao","category-ribeira-do-pombal","category-saude"],"aioseo_notices":[],"_links":{"self":[{"href":"https:\/\/www.portalalerta.com.br\/index.php\/wp-json\/wp\/v2\/posts\/72211","targetHints":{"allow":["GET"]}}],"collection":[{"href":"https:\/\/www.portalalerta.com.br\/index.php\/wp-json\/wp\/v2\/posts"}],"about":[{"href":"https:\/\/www.portalalerta.com.br\/index.php\/wp-json\/wp\/v2\/types\/post"}],"author":[{"embeddable":true,"href":"https:\/\/www.portalalerta.com.br\/index.php\/wp-json\/wp\/v2\/users\/2"}],"replies":[{"embeddable":true,"href":"https:\/\/www.portalalerta.com.br\/index.php\/wp-json\/wp\/v2\/comments?post=72211"}],"version-history":[{"count":1,"href":"https:\/\/www.portalalerta.com.br\/index.php\/wp-json\/wp\/v2\/posts\/72211\/revisions"}],"predecessor-version":[{"id":72214,"href":"https:\/\/www.portalalerta.com.br\/index.php\/wp-json\/wp\/v2\/posts\/72211\/revisions\/72214"}],"wp:featuredmedia":[{"embeddable":true,"href":"https:\/\/www.portalalerta.com.br\/index.php\/wp-json\/wp\/v2\/media\/72213"}],"wp:attachment":[{"href":"https:\/\/www.portalalerta.com.br\/index.php\/wp-json\/wp\/v2\/media?parent=72211"}],"wp:term":[{"taxonomy":"category","embeddable":true,"href":"https:\/\/www.portalalerta.com.br\/index.php\/wp-json\/wp\/v2\/categories?post=72211"},{"taxonomy":"post_tag","embeddable":true,"href":"https:\/\/www.portalalerta.com.br\/index.php\/wp-json\/wp\/v2\/tags?post=72211"}],"curies":[{"name":"wp","href":"https:\/\/api.w.org\/{rel}","templated":true}]}}