{"id":72215,"date":"2025-05-27T16:58:10","date_gmt":"2025-05-27T19:58:10","guid":{"rendered":"https:\/\/www.portalalerta.com.br\/?p=72215"},"modified":"2025-05-27T16:58:12","modified_gmt":"2025-05-27T19:58:12","slug":"me-senti-agredida-fazendo-meu-trabalho-diz-marina-apos-embate-com-senadores","status":"publish","type":"post","link":"https:\/\/www.portalalerta.com.br\/index.php\/2025\/05\/27\/me-senti-agredida-fazendo-meu-trabalho-diz-marina-apos-embate-com-senadores\/","title":{"rendered":"\u2018Me senti agredida fazendo meu trabalho\u2019, diz Marina ap\u00f3s embate com senadores"},"content":{"rendered":"\n<p>Ministra classificou situa\u00e7\u00e3o como viol\u00eancia pol\u00edtica, defendeu atua\u00e7\u00e3o feminina e disse avaliar situa\u00e7\u00e3o com equipe jur\u00eddica<\/p>\n\n\n\n<!--more-->\n\n\n\n<p>Com avalia\u00e7\u00e3o de que o embate na Comiss\u00e3o de Infraestrutura foi um epis\u00f3dio de viol\u00eancia pol\u00edtica por ser mulher, a ministra do Meio Ambiente e Mudan\u00e7a do Clima,&nbsp;<a href=\"https:\/\/noticias.r7.com\/brasilia\/no-congresso-marina-defende-ibama-e-cobra-mudanca-em-projeto-de-licenciamento-27052025\/\" target=\"_blank\" rel=\"noreferrer noopener\">Marina Silva<\/a>, relatou ter se sentido agredida com as coloca\u00e7\u00f5es de senadores nesta ter\u00e7a-feira (27).<\/p>\n\n\n\n<p>\u201cMe senti agredida por estar fazendo o meu trabalho. Eu fui chamada para mostrar tecnicamente que as&nbsp;<a href=\"https:\/\/noticias.r7.com\/brasilia\/marina-nega-que-unidade-de-conservacao-no-amapa-interfira-em-exploracao-na-margem-equatorial-27052025\/\" target=\"_blank\" rel=\"noreferrer noopener\">unidades de conserva\u00e7\u00e3o<\/a>&nbsp;que est\u00e3o sendo propostas l\u00e1 para o estado do Amap\u00e1, que elas n\u00e3o afetam o empreendimento que est\u00e1 sendo licenciado\u201d, afirmou a ministra a jornalistas ao deixar o Congresso.<\/p>\n\n\n\n<p>As coloca\u00e7\u00f5es se referem a uma s\u00e9rie de embates com senadores, que tiveram como estopim um bate-boca com o senador Pl\u00ednio Val\u00e9rio (PSDB-AM). O pol\u00edtico afirmou n\u00e3o respeitar Marina \u201ccomo ministra\u201d e se recusou a pedir desculpas pela coloca\u00e7\u00e3o.<\/p>\n\n\n\n<p>O epis\u00f3dio, segundo Marina, pode ser visto como uma viol\u00eancia pol\u00edtica de g\u00eanero. A ministra tamb\u00e9m marcou posi\u00e7\u00e3o em n\u00e3o aceitar a forma de tratamento recebida.<\/p>\n\n\n\n<p>\u201cExistem aqueles que acham que podem colocar palavras na sua boca, dizer o que voc\u00ea fez ou o que voc\u00ea \u00e9 [&#8230;] Agora, o que n\u00e3o pode, \u00e9 algu\u00e9m achar que porque voc\u00ea, n\u00e3o \u00e9, \u00e9 mulher, porque voc\u00ea \u00e9 preta, porque voc\u00ea vem de uma trajet\u00f3ria de vida humilde, que voc\u00ea vai dizer quem eu sou e ainda dizer que eu devo ficar no meu lugar. O meu lugar \u00e9 onde todas as mulheres devem estar\u201d, disse.<\/p>\n\n\n\n<p>Marina disse ainda que as coloca\u00e7\u00f5es de Pl\u00ednio Val\u00e9rio agravam posi\u00e7\u00f5es indicadas pelo senador, que no passado, disse ter&nbsp;<a href=\"https:\/\/noticias.r7.com\/brasilia\/apos-falar-em-enforcar-marina-senador-diz-que-nao-se-arrepende-19032025\/\" target=\"_blank\" rel=\"noreferrer noopener\">vontade de \u201cenforcar\u201d Marina<\/a>. Ambas as situa\u00e7\u00f5es est\u00e3o sob an\u00e1lise da equipe jur\u00eddica da ministra.<\/p>\n\n\n\n<p>Pouco antes das declara\u00e7\u00f5es, Marina se reuniu com o presidente da C\u00e2mara dos Deputados, Hugo Motta (Republicanos-PB), e pediu para que os parlamentares avaliem com mais profundidade a proposta que flexibiliza regras de licenciamento ambiental.<\/p>\n\n\n\n<p>Segundo a ministra, Motta afirmou que ouvir\u00e1 outras lideran\u00e7as antes de decidir sobre o texto. Ap\u00f3s a reuni\u00e3o, o presidente destacou n\u00e3o ter uma data para analisar a proposta e que, assim como o Senado teve o tempo de an\u00e1lise, a C\u00e2mara tamb\u00e9m ter\u00e1 etapas para discutir o texto.<\/p>\n\n\n\n<p>Conforme apurou o&nbsp;R7, a pasta de Marina planeja uma s\u00e9rie de reuni\u00f5es para discutir melhor a proposta para flexibilizar licen\u00e7as ambientais. A reportagem entrou em contato com a assessoria da ministra de Rela\u00e7\u00f5es Institucionais para consultar se h\u00e1 uma posi\u00e7\u00e3o do Planalto em rela\u00e7\u00e3o ao texto, mas n\u00e3o obteve resposta.<\/p>\n\n\n\n<p><em>Fonte: noticias r7<\/em><\/p>\n","protected":false},"excerpt":{"rendered":"<p>Ministra classificou situa\u00e7\u00e3o como viol\u00eancia pol\u00edtica, defendeu atua\u00e7\u00e3o feminina e disse avaliar situa\u00e7\u00e3o com equipe jur\u00eddica<\/p>\n","protected":false},"author":2,"featured_media":72202,"comment_status":"open","ping_status":"open","sticky":false,"template":"","format":"standard","meta":{"om_disable_all_campaigns":false,"_monsterinsights_skip_tracking":false,"_monsterinsights_sitenote_active":false,"_monsterinsights_sitenote_note":"","_monsterinsights_sitenote_category":0,"footnotes":""},"categories":[34,70,69,21],"tags":[100,71,48,75,4178,4180,129,107,4181,132,230,1216,315,106,203,120,51,109,88,47,235,111,190],"class_list":["post-72215","post","type-post","status-publish","format-standard","has-post-thumbnail","hentry","category-brasil","category-destaques","category-noticias2","category-politica","tag-adustina","tag-antas","tag-araci","tag-cicero-dantas","tag-cipo-2","tag-crisopolis-2","tag-euclides-da-cunha","tag-fatima","tag-heliopolis-2","tag-itapicuru","tag-jeremoabo","tag-marina-silva","tag-ministra","tag-nova-soure","tag-novo-triunfo","tag-olindina","tag-paripiranga","tag-quijingue","tag-ribeira-do-amparo","tag-ribeira-do-pombal","tag-senado-federal","tag-sitio-do-quinto","tag-tucano"],"aioseo_notices":[],"_links":{"self":[{"href":"https:\/\/www.portalalerta.com.br\/index.php\/wp-json\/wp\/v2\/posts\/72215","targetHints":{"allow":["GET"]}}],"collection":[{"href":"https:\/\/www.portalalerta.com.br\/index.php\/wp-json\/wp\/v2\/posts"}],"about":[{"href":"https:\/\/www.portalalerta.com.br\/index.php\/wp-json\/wp\/v2\/types\/post"}],"author":[{"embeddable":true,"href":"https:\/\/www.portalalerta.com.br\/index.php\/wp-json\/wp\/v2\/users\/2"}],"replies":[{"embeddable":true,"href":"https:\/\/www.portalalerta.com.br\/index.php\/wp-json\/wp\/v2\/comments?post=72215"}],"version-history":[{"count":1,"href":"https:\/\/www.portalalerta.com.br\/index.php\/wp-json\/wp\/v2\/posts\/72215\/revisions"}],"predecessor-version":[{"id":72216,"href":"https:\/\/www.portalalerta.com.br\/index.php\/wp-json\/wp\/v2\/posts\/72215\/revisions\/72216"}],"wp:featuredmedia":[{"embeddable":true,"href":"https:\/\/www.portalalerta.com.br\/index.php\/wp-json\/wp\/v2\/media\/72202"}],"wp:attachment":[{"href":"https:\/\/www.portalalerta.com.br\/index.php\/wp-json\/wp\/v2\/media?parent=72215"}],"wp:term":[{"taxonomy":"category","embeddable":true,"href":"https:\/\/www.portalalerta.com.br\/index.php\/wp-json\/wp\/v2\/categories?post=72215"},{"taxonomy":"post_tag","embeddable":true,"href":"https:\/\/www.portalalerta.com.br\/index.php\/wp-json\/wp\/v2\/tags?post=72215"}],"curies":[{"name":"wp","href":"https:\/\/api.w.org\/{rel}","templated":true}]}}