{"id":72224,"date":"2025-05-28T09:00:00","date_gmt":"2025-05-28T12:00:00","guid":{"rendered":"https:\/\/www.portalalerta.com.br\/?p=72224"},"modified":"2025-05-28T05:41:20","modified_gmt":"2025-05-28T08:41:20","slug":"secretaria-de-agricultura-de-ribeira-do-pombal-recebe-100-kits-de-sementes-crioulas-para-agricultores-familiares","status":"publish","type":"post","link":"https:\/\/www.portalalerta.com.br\/index.php\/2025\/05\/28\/secretaria-de-agricultura-de-ribeira-do-pombal-recebe-100-kits-de-sementes-crioulas-para-agricultores-familiares\/","title":{"rendered":"<strong>Secretaria de Agricultura de Ribeira do Pombal recebe 100 kits de sementes crioulas para agricultores familiares<\/strong>"},"content":{"rendered":"\n<p>Na tarde desta&nbsp;<strong>segunda-feira<\/strong>, a&nbsp;<strong>Secretaria Municipal de Agricultura<\/strong>&nbsp;de Ribeira do Pombal recebeu mais uma importante remessa de insumos para fortalecer a agricultura familiar.&nbsp;<strong>100 kits de sementes crioulas<\/strong>, compostos por&nbsp;<strong>milho e feij\u00e3o<\/strong>, que agora ser\u00e3o repassados aos agricultores previamente cadastrados.<\/p>\n\n\n\n<!--more-->\n\n\n<div class=\"wp-block-image\">\n<figure class=\"alignleft size-large is-resized\"><img decoding=\"async\" src=\"https:\/\/www.portalalerta.com.br\/wp-content\/uploads\/2025\/05\/Real-dia-das-maes-2025-819x1024.jpeg\" alt=\"\" class=\"wp-image-71620\" width=\"435\" srcset=\"https:\/\/www.portalalerta.com.br\/wp-content\/uploads\/2025\/05\/Real-dia-das-maes-2025-819x1024.jpeg 819w, https:\/\/www.portalalerta.com.br\/wp-content\/uploads\/2025\/05\/Real-dia-das-maes-2025-192x240.jpeg 192w, https:\/\/www.portalalerta.com.br\/wp-content\/uploads\/2025\/05\/Real-dia-das-maes-2025-768x960.jpeg 768w, https:\/\/www.portalalerta.com.br\/wp-content\/uploads\/2025\/05\/Real-dia-das-maes-2025.jpeg 1024w\" sizes=\"(max-width: 819px) 100vw, 819px\" \/><\/figure><\/div>\n\n\n<p>Cada kit cont\u00e9m&nbsp;<strong>3 kg de sementes de milho<\/strong>&nbsp;e sementes de&nbsp;<strong>feij\u00e3o<\/strong>, selecionadas para garantir uma produ\u00e7\u00e3o sustent\u00e1vel, respeitando as caracter\u00edsticas do solo e da tradi\u00e7\u00e3o agr\u00edcola local.<\/p>\n\n\n\n<p>As sementes crioulas vieram atrav\u00e9s de uma parceria com a&nbsp;<strong>CAR (Companhia de Desenvolvimento e A\u00e7\u00e3o Regional)<\/strong>, enviadas pela<strong>&nbsp;ARCAS.<\/strong><\/p>\n\n\n\n<p>A entrega refor\u00e7a o compromisso da gest\u00e3o municipal em garantir o acesso dos pequenos produtores a sementes de qualidade, promovendo a&nbsp;<strong>seguran\u00e7a alimentar, a autonomia produtiva<\/strong>&nbsp;e a valoriza\u00e7\u00e3o das pr\u00e1ticas tradicionais de cultivo.<\/p>\n\n\n\n<p>\u201cA chegada dessas sementes \u00e9 fundamental para manter viva a tradi\u00e7\u00e3o da agricultura familiar e proporcionar condi\u00e7\u00f5es mais adequadas para o plantio neste per\u00edodo\u201d, destacou a equipe da Secretaria de Agricultura.<\/p>\n\n\n\n<p>Com essa a\u00e7\u00e3o, Ribeira do Pombal segue fortalecendo o campo e ampliando as oportunidades de quem vive da terra.<\/p>\n\n\n\n<p>A distribui\u00e7\u00e3o acontecer\u00e1 nos pr\u00f3ximos dias<\/p>\n\n\n\n<p><em>Fonte: SECOM\/Ribeira do Pombal<\/em><\/p>\n","protected":false},"excerpt":{"rendered":"<p>Na tarde desta&nbsp;segunda-feira, a&nbsp;Secretaria Municipal de Agricultura&nbsp;de Ribeira do Pombal recebeu mais uma importante remessa de insumos para fortalecer a agricultura familiar.&nbsp;100 kits de sementes crioulas, compostos por&nbsp;milho e feij\u00e3o, que agora ser\u00e3o repassados aos agricultores previamente cadastrados.<\/p>\n","protected":false},"author":2,"featured_media":72220,"comment_status":"open","ping_status":"open","sticky":false,"template":"","format":"standard","meta":{"om_disable_all_campaigns":false,"_monsterinsights_skip_tracking":false,"_monsterinsights_sitenote_active":false,"_monsterinsights_sitenote_note":"","_monsterinsights_sitenote_category":0,"footnotes":""},"categories":[70,69,32,3],"tags":[100,947,71,48,75,4178,4180,129,107,4181,132,230,106,203,120,51,109,88,47,6292,7965,111,190],"class_list":["post-72224","post","type-post","status-publish","format-standard","has-post-thumbnail","hentry","category-destaques","category-noticias2","category-regiao","category-ribeira-do-pombal","tag-adustina","tag-agricultura","tag-antas","tag-araci","tag-cicero-dantas","tag-cipo-2","tag-crisopolis-2","tag-euclides-da-cunha","tag-fatima","tag-heliopolis-2","tag-itapicuru","tag-jeremoabo","tag-nova-soure","tag-novo-triunfo","tag-olindina","tag-paripiranga","tag-quijingue","tag-ribeira-do-amparo","tag-ribeira-do-pombal","tag-secretaria-municipal-de-agricultura","tag-sementes","tag-sitio-do-quinto","tag-tucano"],"aioseo_notices":[],"_links":{"self":[{"href":"https:\/\/www.portalalerta.com.br\/index.php\/wp-json\/wp\/v2\/posts\/72224","targetHints":{"allow":["GET"]}}],"collection":[{"href":"https:\/\/www.portalalerta.com.br\/index.php\/wp-json\/wp\/v2\/posts"}],"about":[{"href":"https:\/\/www.portalalerta.com.br\/index.php\/wp-json\/wp\/v2\/types\/post"}],"author":[{"embeddable":true,"href":"https:\/\/www.portalalerta.com.br\/index.php\/wp-json\/wp\/v2\/users\/2"}],"replies":[{"embeddable":true,"href":"https:\/\/www.portalalerta.com.br\/index.php\/wp-json\/wp\/v2\/comments?post=72224"}],"version-history":[{"count":1,"href":"https:\/\/www.portalalerta.com.br\/index.php\/wp-json\/wp\/v2\/posts\/72224\/revisions"}],"predecessor-version":[{"id":72225,"href":"https:\/\/www.portalalerta.com.br\/index.php\/wp-json\/wp\/v2\/posts\/72224\/revisions\/72225"}],"wp:featuredmedia":[{"embeddable":true,"href":"https:\/\/www.portalalerta.com.br\/index.php\/wp-json\/wp\/v2\/media\/72220"}],"wp:attachment":[{"href":"https:\/\/www.portalalerta.com.br\/index.php\/wp-json\/wp\/v2\/media?parent=72224"}],"wp:term":[{"taxonomy":"category","embeddable":true,"href":"https:\/\/www.portalalerta.com.br\/index.php\/wp-json\/wp\/v2\/categories?post=72224"},{"taxonomy":"post_tag","embeddable":true,"href":"https:\/\/www.portalalerta.com.br\/index.php\/wp-json\/wp\/v2\/tags?post=72224"}],"curies":[{"name":"wp","href":"https:\/\/api.w.org\/{rel}","templated":true}]}}